{"id":941576,"date":"2026-03-16T19:14:00","date_gmt":"2026-03-16T18:14:00","guid":{"rendered":"https:\/\/gradski.me\/?p=941576"},"modified":"2026-03-17T08:34:49","modified_gmt":"2026-03-17T07:34:49","slug":"bozovic-peta-sanitarna-kada-najveca-do-sada-rok-trajanja-od-pet-do-sest-godina","status":"publish","type":"post","link":"https:\/\/gradski.me\/en\/podgorica\/bozovic-peta-sanitarna-kada-najveca-do-sada-rok-trajanja-od-pet-do-sest-godina\/","title":{"rendered":"(VIDEO) Bo\u017eovi\u0107: The fifth sanitary bathtub is the largest so far, with a shelf life of five to six years"},"content":{"rendered":"<p><\/p>\n\n\n\n<p>Director of the Landfill, <strong>Aleksandar Bozovic<\/strong>, said that the new, fifth sanitary bath measures 200 by 100 meters, is up to seven and a half meters deep, and has a larger capacity than the previous ones.<\/p>\n\n\n\n<p>\"All possible foils and all materials that are under this gravel are behind us according to absolutely all possible parameters and collect all wastewater and drain it to the treatment plant, thus preventing environmental pollution,\" said Bo\u017eovi\u0107.<\/p>\n\n\n\n<figure class=\"wp-block-image size-large\"><img fetchpriority=\"high\" decoding=\"async\" width=\"1024\" height=\"595\" src=\"https:\/\/gradski.me\/wp-content\/uploads\/2026\/03\/Peta-sanitarna-kada-1-foto-tv-pg-1024x595.webp\" alt=\"\" class=\"wp-image-941592\" title=\"\" srcset=\"https:\/\/gradski.me\/wp-content\/uploads\/2026\/03\/Peta-sanitarna-kada-1-foto-tv-pg-1024x595.webp 1024w, https:\/\/gradski.me\/wp-content\/uploads\/2026\/03\/Peta-sanitarna-kada-1-foto-tv-pg-300x174.webp 300w, https:\/\/gradski.me\/wp-content\/uploads\/2026\/03\/Peta-sanitarna-kada-1-foto-tv-pg-768x446.webp 768w, https:\/\/gradski.me\/wp-content\/uploads\/2026\/03\/Peta-sanitarna-kada-1-foto-tv-pg-18x10.webp 18w, https:\/\/gradski.me\/wp-content\/uploads\/2026\/03\/Peta-sanitarna-kada-1-foto-tv-pg.webp 1234w\" sizes=\"(max-width: 1024px) 100vw, 1024px\" \/><figcaption class=\"wp-element-caption\"><strong><em>Photo: RTV PG<\/em><\/strong><\/figcaption><\/figure>\n\n\n\n<p>With the fifth bathtub, he says, the environment will be much better protected.<\/p>\n\n\n\n<p>\"The thing is that the previous 4th sanitary bath had a lifespan of about four years, and compared to this one, where we plan to have a lifespan of five, even six years, with proper treatment, as well as additional effort and effort to manage waste. We believe that with additional work, it will be able to last up to six years, until the construction of the sixth sanitary bath,\" says Bo\u017eovi\u0107.<\/p>\n\n\n\n<figure class=\"wp-block-image size-large\"><img decoding=\"async\" width=\"1024\" height=\"490\" src=\"https:\/\/gradski.me\/wp-content\/uploads\/2026\/03\/depnija-Podgorica-foto-rtv-pg-1024x490.webp\" alt=\"\" class=\"wp-image-941593\" title=\"\" srcset=\"https:\/\/gradski.me\/wp-content\/uploads\/2026\/03\/depnija-Podgorica-foto-rtv-pg-1024x490.webp 1024w, https:\/\/gradski.me\/wp-content\/uploads\/2026\/03\/depnija-Podgorica-foto-rtv-pg-300x144.webp 300w, https:\/\/gradski.me\/wp-content\/uploads\/2026\/03\/depnija-Podgorica-foto-rtv-pg-768x368.webp 768w, https:\/\/gradski.me\/wp-content\/uploads\/2026\/03\/depnija-Podgorica-foto-rtv-pg-18x9.webp 18w, https:\/\/gradski.me\/wp-content\/uploads\/2026\/03\/depnija-Podgorica-foto-rtv-pg.webp 1494w\" sizes=\"(max-width: 1024px) 100vw, 1024px\" \/><figcaption class=\"wp-element-caption\"><strong><em>Photo: RTV PG<\/em><\/strong><\/figcaption><\/figure>\n\n\n\n<p>However, the lifespan of sanitary vats could be significantly longer if primary waste selection were implemented to a greater extent, Bo\u017eovi\u0107 points out. He emphasizes that waste management begins at the point of origin, while the landfill is the last link in that system.<\/p>\n\n\n\n<p>\"The trends are such that there is more and more waste and there is no chance that it will decrease, but rather increase, and we just need to apply the law in the right way, and ensure primary selection, but on the other hand, sanction negligent citizens who must, above all, have a moral obligation to preserve the environment and all citizens,\" said Bo\u017eovi\u0107.<\/p>\n\n\n\n<p>The fifth sanitary vat, at the \"Livade\" landfill, should start filling in June, after all administrative procedures and technical acceptance are completed. The company Deponija believes that the new capacities will ensure stable functioning of the waste disposal system in the coming years.<\/p>\n\n\n\n<figure class=\"wp-block-embed is-type-video is-provider-youtube wp-block-embed-youtube wp-embed-aspect-16-9 wp-has-aspect-ratio\"><div class=\"wp-block-embed__wrapper\">\n<iframe title=\"Bo\u017eovi\u0107: The fifth sanitary bathtub is the largest so far, with a shelf life of five to six years\" width=\"800\" height=\"450\" src=\"https:\/\/www.youtube.com\/embed\/t_iptUV6q58?feature=oembed\" frameborder=\"0\" allow=\"accelerometer; autoplay; clipboard-write; encrypted-media; gyroscope; picture-in-picture; web-share\" referrerpolicy=\"strict-origin-when-cross-origin\" allowfullscreen><\/iframe>\n<\/div><\/figure>","protected":false},"excerpt":{"rendered":"<p>Na deponiji &#8222;Livade&#8220; zavr\u0161ena je gradnja pete sanitarne kade, koja \u0107e omogu\u0107iti bezbjedno odlaganje otpada narednih godina. Projekat, vrijedan oko dva miliona eura, zavr\u0161en je deset dana prije roka, a punjenje kade bi trebalo da po\u010dne od juna.<\/p>","protected":false},"author":8,"featured_media":941588,"comment_status":"open","ping_status":"open","sticky":false,"template":"","format":"standard","meta":{"_acf_changed":false,"footnotes":"","jetpack_publicize_message":"","jetpack_publicize_feature_enabled":true,"jetpack_social_post_already_shared":true,"jetpack_social_options":{"image_generator_settings":{"template":"highway","default_image_id":0,"font":"","enabled":false},"version":2}},"categories":[6],"tags":[2956,1544,13189],"naslovna":[],"class_list":["post-941576","post","type-post","status-publish","format-standard","has-post-thumbnail","hentry","category-podgorica","tag-aleksandar-bozovic","tag-deponija","tag-peta-sanitarna-kada"],"acf":[],"jetpack_publicize_connections":[],"_links":{"self":[{"href":"https:\/\/gradski.me\/en\/wp-json\/wp\/v2\/posts\/941576","targetHints":{"allow":["GET"]}}],"collection":[{"href":"https:\/\/gradski.me\/en\/wp-json\/wp\/v2\/posts"}],"about":[{"href":"https:\/\/gradski.me\/en\/wp-json\/wp\/v2\/types\/post"}],"author":[{"embeddable":true,"href":"https:\/\/gradski.me\/en\/wp-json\/wp\/v2\/users\/8"}],"replies":[{"embeddable":true,"href":"https:\/\/gradski.me\/en\/wp-json\/wp\/v2\/comments?post=941576"}],"version-history":[{"count":3,"href":"https:\/\/gradski.me\/en\/wp-json\/wp\/v2\/posts\/941576\/revisions"}],"predecessor-version":[{"id":941599,"href":"https:\/\/gradski.me\/en\/wp-json\/wp\/v2\/posts\/941576\/revisions\/941599"}],"wp:featuredmedia":[{"embeddable":true,"href":"https:\/\/gradski.me\/en\/wp-json\/wp\/v2\/media\/941588"}],"wp:attachment":[{"href":"https:\/\/gradski.me\/en\/wp-json\/wp\/v2\/media?parent=941576"}],"wp:term":[{"taxonomy":"category","embeddable":true,"href":"https:\/\/gradski.me\/en\/wp-json\/wp\/v2\/categories?post=941576"},{"taxonomy":"post_tag","embeddable":true,"href":"https:\/\/gradski.me\/en\/wp-json\/wp\/v2\/tags?post=941576"},{"taxonomy":"naslovna","embeddable":true,"href":"https:\/\/gradski.me\/en\/wp-json\/wp\/v2\/naslovna?post=941576"}],"curies":[{"name":"wp","href":"https:\/\/api.w.org\/{rel}","templated":true}]}}