{"id":941573,"date":"2026-03-16T19:27:00","date_gmt":"2026-03-16T18:27:00","guid":{"rendered":"https:\/\/gradski.me\/?p=941573"},"modified":"2026-03-17T07:39:20","modified_gmt":"2026-03-17T06:39:20","slug":"video-atomska-sklonista-u-crnoj-gori-i-dalje-bez-svoje-namjene-mnoga-zapustena-ili-u-drugoj-funkciji","status":"publish","type":"post","link":"https:\/\/gradski.me\/en\/drustvo\/video-atomska-sklonista-u-crnoj-gori-i-dalje-bez-svoje-namjene-mnoga-zapustena-ili-u-drugoj-funkciji\/","title":{"rendered":"(VIDEO) Nuclear shelters in Montenegro still without their purpose, many neglected or in other functions"},"content":{"rendered":"<p><br>U Crnoj Gori postoje 174 skloni\u0161ta civilne za\u0161tite &#8211; Direktorat za za\u0161titu i spa\u0161avanje trenutno koristi manje od 17, a ve\u0107ina ostalih, koja su zapu\u0161tena, o\u0161te\u0107ena, ili predmet imovinskom spora predata su na upravljanje Upravi za dr\u017eavnu imovinu. Postavlja se pitanje, gdje bi gra\u0111ani potra\u017eili zaklon u slu\u010daju opasnosti? I ko bi imao prioritet.<br><br>Kada bi sva skloni\u0161ta bila funkcionalna, u njih bi moglo da stane oko 28.000 ljudi. U zemlji sa oko 625 hiljada stanovnika, to je tek mali dio populacije. A kada bi se na\u0161li u situaciji da potra\u017ee zaklon, neki gra\u0111ani sa kojima smo razgovarali nijesu sigurni znaju gdje su uop\u0161te.<br><br>Gra\u0111ani sumnjaju i u funkcionalnost atomskih skloni\u0161ta.<br><br>  Podgorici postoji 29 atomskih skloni\u0161ta, ali mnoga godinama nijesu u funkciji i u lo\u0161em su stanju &#8211; \u010dak su kori\u0161\u0107ena za odlaganje otpada, zbog \u010dega su intervenisale nadle\u017ene slu\u017ebe. Pored toga, iz Ministarstva unutra\u0161njih poslova navode da se godinama ne odr\u017eavaju.<br><strong><br><\/strong>&#8222;Konstatovalo se da na velikom broju skloni\u0161ta nedostaju vrata, elektro i vodovodne instalacije, o\u0161te\u0107eni su ventilacioni sistemi, odla\u017ee se otpad u i ispred skloni\u0161ta od strane nesavjesnih gra\u0111ana&#8220;, naveli su.<\/p>\n\n\n\n<p>Danas, neka od skloni\u0161ta imaju druga\u010diju namjenu.<strong>\u00a0<\/strong><br><strong><br><\/strong>&#8222;Skloni\u0161ta koja su u nadle\u017enosti Direktorata za za\u0161titu i spa\u0161avanje koriste se za smje\u0161taj opreme i sredstava za djelovanje u slu\u010daju elementarnih nepogoda, tehni\u010dko-tehnolo\u0161kih i drugih nesre\u0107a&#8220;, dodali su.<\/p>\n\n\n\n<p>A Zakon o dr\u017eavnoj imovini omogu\u0107ava da se takvi objekti daju u zakup.<br><br>Brojna atomska skloni\u0161ta na teritoriji Crne Gore i Glavnog grada dobile su tokom vremena druga\u010diju namjenu od prvobitne. Bili su otvoreni brojni butici, magacini, prodavnice, marketi, me\u0111utim tokom vremena kako se razvijala industrija i recimo \u0161oping centri, onda su ponovo ta atomska skloni\u0161ta zatvorena. Me\u0111utim, mi smo nai\u0161li na jedno skloni\u0161te koje je trenutno otvoreno, a otvoreno je jer se ovdje planira izgradnja jedne teretane.<\/p>\n\n\n\n<p>Podsje\u0107anja radi, u Crnoj Gori je izgra\u0111eno ukupno 174 skloni\u0161ta civilne za\u0161tite od \u010dega su 23 javna, 105 blokovska i ku\u0107na, dok se 46 nalazi u objektima firmi i institucija.<br><br>\u00a0I po\u0161to ve\u0107ina objekata danas ima druga\u010diju namjenu ili je potpuno zapu\u0161tena \u2013 ostaje pitanje gdje bi se ve\u0107ina gra\u0111ana Crne Gore uop\u0161te sklonila u slu\u010daju ozbiljne opasnosti.<\/p>\n\n\n\n<p><strong>Anketu sa gra\u0111anima pogledajte u prilogu.<\/strong><\/p>\n\n\n\n<figure class=\"wp-block-embed is-type-video is-provider-youtube wp-block-embed-youtube wp-embed-aspect-4-3 wp-has-aspect-ratio\"><div class=\"wp-block-embed__wrapper\">\n<iframe title=\"Atomska skloni\u0161ta u Crnoj Gori i dalje bez svoje namjene, mnoga zapu\u0161tena ili u drugoj funkciji\" width=\"800\" height=\"600\" src=\"https:\/\/www.youtube.com\/embed\/uYfOVIOfJqg?feature=oembed\" frameborder=\"0\" allow=\"accelerometer; autoplay; clipboard-write; encrypted-media; gyroscope; picture-in-picture; web-share\" referrerpolicy=\"strict-origin-when-cross-origin\" allowfullscreen><\/iframe>\n<\/div><\/figure>","protected":false},"excerpt":{"rendered":"<p>Atomska skloni\u0161ta u Crnoj Gori gra\u0111ena su prije vi\u0161e decenija kao dio sistema civilne za\u0161tite. Danas su mnoga od njih zapu\u0161tena, ili imaju potpuno druga\u010diju namjenu. <\/p>","protected":false},"author":13,"featured_media":941577,"comment_status":"open","ping_status":"open","sticky":false,"template":"","format":"standard","meta":{"_acf_changed":false,"footnotes":"","jetpack_publicize_message":"","jetpack_publicize_feature_enabled":true,"jetpack_social_post_already_shared":true,"jetpack_social_options":{"image_generator_settings":{"template":"highway","default_image_id":0,"font":"","enabled":false},"version":2}},"categories":[9],"tags":[27787,188,28],"naslovna":[],"class_list":["post-941573","post","type-post","status-publish","format-standard","has-post-thumbnail","hentry","category-drustvo","tag-atomska-sklonista","tag-crna-gora","tag-podgorica"],"acf":[],"jetpack_publicize_connections":[],"_links":{"self":[{"href":"https:\/\/gradski.me\/en\/wp-json\/wp\/v2\/posts\/941573","targetHints":{"allow":["GET"]}}],"collection":[{"href":"https:\/\/gradski.me\/en\/wp-json\/wp\/v2\/posts"}],"about":[{"href":"https:\/\/gradski.me\/en\/wp-json\/wp\/v2\/types\/post"}],"author":[{"embeddable":true,"href":"https:\/\/gradski.me\/en\/wp-json\/wp\/v2\/users\/13"}],"replies":[{"embeddable":true,"href":"https:\/\/gradski.me\/en\/wp-json\/wp\/v2\/comments?post=941573"}],"version-history":[{"count":1,"href":"https:\/\/gradski.me\/en\/wp-json\/wp\/v2\/posts\/941573\/revisions"}],"predecessor-version":[{"id":941580,"href":"https:\/\/gradski.me\/en\/wp-json\/wp\/v2\/posts\/941573\/revisions\/941580"}],"wp:featuredmedia":[{"embeddable":true,"href":"https:\/\/gradski.me\/en\/wp-json\/wp\/v2\/media\/941577"}],"wp:attachment":[{"href":"https:\/\/gradski.me\/en\/wp-json\/wp\/v2\/media?parent=941573"}],"wp:term":[{"taxonomy":"category","embeddable":true,"href":"https:\/\/gradski.me\/en\/wp-json\/wp\/v2\/categories?post=941573"},{"taxonomy":"post_tag","embeddable":true,"href":"https:\/\/gradski.me\/en\/wp-json\/wp\/v2\/tags?post=941573"},{"taxonomy":"naslovna","embeddable":true,"href":"https:\/\/gradski.me\/en\/wp-json\/wp\/v2\/naslovna?post=941573"}],"curies":[{"name":"wp","href":"https:\/\/api.w.org\/{rel}","templated":true}]}}