{"id":941531,"date":"2026-03-16T18:04:00","date_gmt":"2026-03-16T17:04:00","guid":{"rendered":"https:\/\/gradski.me\/?p=941531"},"modified":"2026-03-16T15:54:25","modified_gmt":"2026-03-16T14:54:25","slug":"monodrama-virdzina-sjutra-u-czk-tivat","status":"publish","type":"post","link":"https:\/\/gradski.me\/en\/kultura\/monodrama-virdzina-sjutra-u-czk-tivat\/","title":{"rendered":"Monodrama \"Virgin\" tomorrow at the Tivat Cultural Center"},"content":{"rendered":"<p><\/p>\n\n\n\n<p><\/p>\n\n\n\n<p>Pri\u010da koja nam otkriva \u017eivot i intimu jedne vird\u017eine koja je morala da ponese te\u0161ko breme odluka koje su drugi donijeli umjesto nje. Ova monodrama se ne bavi samo fenomenom vird\u017eine, ve\u0107 istra\u017euje neizgovoreno, li\u010dno i su\u0161tinsko u \u017eeni koja je morala da igra ulogu mu\u0161karca. Ovo je pri\u010da o identitetu, snazi i nepokolebljivosti \u017eenskog djeteta u odre\u0111enom istorijskom periodu u Crnoj Gori. \u201cTekst \u201cVird\u017eina\u201d nastao je kao potreba za stalnim ispitivanjem fenomena na\u0161eg regiona, ali i \u017eelja da se na druga\u010diji na\u010din pristupi temi koja fascinira decenijama unazad. Uzev\u0161i u obzir dru\u0161tvene okolno-sti ulogu patrijarhata u dru\u0161tvu i polo\u017eaj \u017eena, ovaj tekst ima za cilj da prije svega dekonstrui\u0161e dru-\u0161tveno prihva\u0107enu prizmu kroz koju posmatramo vird\u017eine. Ovdje upoznajemo intimnu ispovijest \u017eene u obrisima mu\u0161karca, \u010dujemo ono \u0161to se izgovara i preispitujemo ulogu, svrhu i istorijsku potrebu za nametanjem rodnog indetiteta i kontroli tijela u diskursu tog vremena \u201c, rije\u010d je pisca.<\/p>\n\n\n\n<p>Tickets can be purchased online via the Tivat Cultural Center website, at the box office from 10 am to 2 pm, and two hours before the start of the show.<\/p>","protected":false},"excerpt":{"rendered":"<p>U utorak, 17. marta s po\u010detkom u 20 \u010dasova u Velikoj sali Centra za kulturu u Tivtu, publika \u0107e imati priliku da pogleda monodramu \u201cVIRD\u017dINA\u201d, ra\u0111enu po tekstu Du\u0161ana Jankovi\u0107a, u izvo\u0111enju Marte \u0106erani\u0107.<\/p>","protected":false},"author":13,"featured_media":941534,"comment_status":"open","ping_status":"open","sticky":false,"template":"","format":"standard","meta":{"_acf_changed":false,"footnotes":"","jetpack_publicize_message":"","jetpack_publicize_feature_enabled":true,"jetpack_social_post_already_shared":true,"jetpack_social_options":{"image_generator_settings":{"template":"highway","default_image_id":0,"font":"","enabled":false},"version":2}},"categories":[11],"tags":[2248,17565],"naslovna":[],"class_list":["post-941531","post","type-post","status-publish","format-standard","has-post-thumbnail","hentry","category-kultura","tag-czk-tivat","tag-virdzina"],"acf":[],"jetpack_publicize_connections":[],"_links":{"self":[{"href":"https:\/\/gradski.me\/en\/wp-json\/wp\/v2\/posts\/941531","targetHints":{"allow":["GET"]}}],"collection":[{"href":"https:\/\/gradski.me\/en\/wp-json\/wp\/v2\/posts"}],"about":[{"href":"https:\/\/gradski.me\/en\/wp-json\/wp\/v2\/types\/post"}],"author":[{"embeddable":true,"href":"https:\/\/gradski.me\/en\/wp-json\/wp\/v2\/users\/13"}],"replies":[{"embeddable":true,"href":"https:\/\/gradski.me\/en\/wp-json\/wp\/v2\/comments?post=941531"}],"version-history":[{"count":1,"href":"https:\/\/gradski.me\/en\/wp-json\/wp\/v2\/posts\/941531\/revisions"}],"predecessor-version":[{"id":941535,"href":"https:\/\/gradski.me\/en\/wp-json\/wp\/v2\/posts\/941531\/revisions\/941535"}],"wp:featuredmedia":[{"embeddable":true,"href":"https:\/\/gradski.me\/en\/wp-json\/wp\/v2\/media\/941534"}],"wp:attachment":[{"href":"https:\/\/gradski.me\/en\/wp-json\/wp\/v2\/media?parent=941531"}],"wp:term":[{"taxonomy":"category","embeddable":true,"href":"https:\/\/gradski.me\/en\/wp-json\/wp\/v2\/categories?post=941531"},{"taxonomy":"post_tag","embeddable":true,"href":"https:\/\/gradski.me\/en\/wp-json\/wp\/v2\/tags?post=941531"},{"taxonomy":"naslovna","embeddable":true,"href":"https:\/\/gradski.me\/en\/wp-json\/wp\/v2\/naslovna?post=941531"}],"curies":[{"name":"wp","href":"https:\/\/api.w.org\/{rel}","templated":true}]}}