{"id":941521,"date":"2026-03-16T15:48:48","date_gmt":"2026-03-16T14:48:48","guid":{"rendered":"https:\/\/gradski.me\/?p=941521"},"modified":"2026-03-17T13:45:20","modified_gmt":"2026-03-17T12:45:20","slug":"vucinic-objavio-spisak-povratak-haksabanovica-erakovica-i-jovovica-nema-adzica-i-djukanovica","status":"publish","type":"post","link":"https:\/\/gradski.me\/en\/sport\/vucinic-objavio-spisak-povratak-haksabanovica-erakovica-i-jovovica-nema-adzica-i-djukanovica\/","title":{"rendered":"Vu\u010dini\u0107 announces list: Hak\u0161abanovi\u0107, Erakovi\u0107 and Jovovi\u0107 return, Ad\u017ei\u0107 and \u0110ukanovi\u0107 are gone"},"content":{"rendered":"<p>Na Gradskom stadionu pod Goricom reprezentacija \u0107e 27. marta do\u010dekati Andoru, dok \u0107e 31. marta rival biti selekcija Slovenije, u me\u010devima koji \u0107e poslu\u017eiti kao va\u017ena provjera forme i prilika da stru\u010dni \u0161tab dodatno uigra tim pred naredne takmi\u010darske izazove.<\/p>\n\n\n\n<p>Najve\u0107i noviteti na spisku su povratak Seada Hak\u0161abanovi\u0107a koji je posljednji put u sastavu bio 17.6.2023 kada je igrao protiv Ma\u0111arske u kvalifikacijama za Euro (0:0 u Podgorici), kao i povratak Novice Erakovi\u0107a koji je posljednji put u nacionalnom dresu zaigrao 9.9. 2024. godine u porazo od Velsa u Ligi Nacija (1:2 u Nik\u0161i\u0107u).<\/p>\n\n\n\n<p>Tako\u0111e nakon cijele kalendarske 2025. godine u reprezentaciju se vra\u0107a Vladimir Jovovi\u0107 koji je posljendji put bio u protokolu za me\u010d sa Turskom, 19.11. 2024. godine, ali je taj me\u010d proveo na klupi za rezerve.<\/p>\n\n\n\n<p>Na spisku nema Vasilija Ad\u017ei\u0107a kao, ni Viktora \u0110ukanovi\u0107a, za koje se pretpostavlja da \u0107e biti proslije\u0111eni mladoj reprezentaciji koje o\u010dekuje gostovanje \u0160vedskoj, kao i utakmica sa Poljskom ku\u0107i u okviru kvalifikacija za EURO.<\/p>\n\n\n\n<p><strong>Golmani<\/strong><\/p>\n\n\n\n<p>Danijel Petkovi\u0107 \u2013 Liepaja (Letonija)<\/p>\n\n\n\n<p>Igor Niki\u0107 \u2013 Mirandes (\u0160panija)<\/p>\n\n\n\n<p>Bal\u0161a Popovi\u0107 \u2013 OFK Beograd (Srbija)<\/p>\n\n\n\n<p><strong>Odbrana<\/strong><\/p>\n\n\n\n<p>Stefan Savi\u0107 \u2013 Trabzonspor (Turska)<\/p>\n\n\n\n<p>Adam Maru\u0161i\u0107 \u2013 Lacio (Italija)<\/p>\n\n\n\n<p>Marko Ve\u0161ovi\u0107 \u2013 Lokomotiva Zagreb (Hrvatska)<\/p>\n\n\n\n<p>Risto Radunovi\u0107 \u2013 FCSB (Rumunija)<\/p>\n\n\n\n<p>Milan Roganovi\u0107 (Partizan)<\/p>\n\n\n\n<p>Igor Vuja\u010di\u0107 \u2013 Rubin Kazanj (Rusija)<\/p>\n\n\n\n<p>Nikola \u0160ip\u010di\u0107 \u2013 Asteras Tripolis (Gr\u010dka)<\/p>\n\n\n\n<p>Andrija Vuk\u010devi\u0107 \u2013 Preston (Engleska)<\/p>\n\n\n\n<p>Slobodan Rube\u017ei\u0107 \u2013 Korona Kjelce (Poljska)<\/p>\n\n\n\n<p>Marko Perovi\u0107 \u2013 Atletiko (\u0160panija)<\/p>\n\n\n\n<p>Stefan Mili\u0107 \u2013 Partizan (Srbija)<\/p>\n\n\n\n<p><strong>Vezni red<\/strong><\/p>\n\n\n\n<p>Vladimir Jovovi\u0107 \u2013 Nef\u010di (Uzbekistan)<\/p>\n\n\n\n<p>Marko Jankovi\u0107 \u2013 Karabag (Azerbejd\u017ean)<\/p>\n\n\n\n<p>Sead Hak\u0161abanovi\u0107 \u2013 Malme (\u0160vedska)<\/p>\n\n\n\n<p>Driton Camaj \u2013 Novi Pazar (Srbija)<\/p>\n\n\n\n<p>Stefan Lon\u010dar \u2013 Akron Toljati (Rusija)<\/p>\n\n\n\n<p>Milo\u0161 Brnovi\u0107 \u2013 Arsenal Tula (Rusija)<\/p>\n\n\n\n<p>Milan Vukoti\u0107 \u2013 Partizan (Srbija)<\/p>\n\n\n\n<p>Andrija Bulatovi\u0107 \u2013 Lens (Francuska)<\/p>\n\n\n\n<p>Novica Erakovi\u0107 \u2013 Omonija (Kipar)<\/p>\n\n\n\n<p><strong>Napad<\/strong><\/p>\n\n\n\n<p>Stevan Joveti\u0107 \u2013 Omonija Nikozija (Kipar)<\/p>\n\n\n\n<p>Stefan Mugo\u0161a \u2013 In\u010don Junajted (Ju\u017ena Koreja)<\/p>\n\n\n\n<p>Nikola Krstovi\u0107 \u2013 Atalanta (Italija)<\/p>\n\n\n\n<p>Milutin Osmaji\u0107 \u2013 Preston (Engleska)<\/p>\n\n\n\n<p>Andrej Kosti\u0107 \u2013 Partizan (Srbija)<\/p>","protected":false},"excerpt":{"rendered":"<p>Selektor fudbalske reprezentacije Crne Gore Mirko Vu\u010dini\u0107, objavio je spisak igra\u010da za martovski reprezentativni prozor u kojem \u0107e &#8222;hrabri sokoli\u201c odigrati dvije prijateljske utakmice u Podgorici.<\/p>","protected":false},"author":13,"featured_media":844743,"comment_status":"open","ping_status":"open","sticky":false,"template":"","format":"standard","meta":{"_acf_changed":false,"footnotes":"","jetpack_publicize_message":"","jetpack_publicize_feature_enabled":true,"jetpack_social_post_already_shared":true,"jetpack_social_options":{"image_generator_settings":{"template":"highway","default_image_id":0,"font":"","enabled":false},"version":2}},"categories":[15],"tags":[188,222,6729],"naslovna":[],"class_list":["post-941521","post","type-post","status-publish","format-standard","has-post-thumbnail","hentry","category-sport","tag-crna-gora","tag-fscg","tag-mirko-vucinic"],"acf":[],"jetpack_publicize_connections":[],"_links":{"self":[{"href":"https:\/\/gradski.me\/en\/wp-json\/wp\/v2\/posts\/941521","targetHints":{"allow":["GET"]}}],"collection":[{"href":"https:\/\/gradski.me\/en\/wp-json\/wp\/v2\/posts"}],"about":[{"href":"https:\/\/gradski.me\/en\/wp-json\/wp\/v2\/types\/post"}],"author":[{"embeddable":true,"href":"https:\/\/gradski.me\/en\/wp-json\/wp\/v2\/users\/13"}],"replies":[{"embeddable":true,"href":"https:\/\/gradski.me\/en\/wp-json\/wp\/v2\/comments?post=941521"}],"version-history":[{"count":1,"href":"https:\/\/gradski.me\/en\/wp-json\/wp\/v2\/posts\/941521\/revisions"}],"predecessor-version":[{"id":941524,"href":"https:\/\/gradski.me\/en\/wp-json\/wp\/v2\/posts\/941521\/revisions\/941524"}],"wp:featuredmedia":[{"embeddable":true,"href":"https:\/\/gradski.me\/en\/wp-json\/wp\/v2\/media\/844743"}],"wp:attachment":[{"href":"https:\/\/gradski.me\/en\/wp-json\/wp\/v2\/media?parent=941521"}],"wp:term":[{"taxonomy":"category","embeddable":true,"href":"https:\/\/gradski.me\/en\/wp-json\/wp\/v2\/categories?post=941521"},{"taxonomy":"post_tag","embeddable":true,"href":"https:\/\/gradski.me\/en\/wp-json\/wp\/v2\/tags?post=941521"},{"taxonomy":"naslovna","embeddable":true,"href":"https:\/\/gradski.me\/en\/wp-json\/wp\/v2\/naslovna?post=941521"}],"curies":[{"name":"wp","href":"https:\/\/api.w.org\/{rel}","templated":true}]}}