{"id":941452,"date":"2025-12-30T18:19:00","date_gmt":"2025-12-30T17:19:00","guid":{"rendered":"https:\/\/gradski.me\/uncategorized\/totenhem-zainteresovan-za-marmusa\/"},"modified":"2025-12-30T18:19:00","modified_gmt":"2025-12-30T17:19:00","slug":"totenhem-zainteresovan-za-marmusa","status":"publish","type":"post","link":"https:\/\/gradski.me\/en\/sport\/totenhem-zainteresovan-za-marmusa\/","title":{"rendered":"Totenhem zainteresovan za Marmu\u0161a"},"content":{"rendered":"<p>Spursi nastavljaju da istra\u017euju opcije za poja\u010danje napada u novoj godini i nastoje da zadr\u017ee visok nivo ambicije.<\/p>\n\n\n\n<p>Poku\u0161aj anga\u017eovanja Antoana Semenja ve\u0107 je propao, zbog \u010dega je klub bio primoran da pro\u0161iri krug potencijalnih rje\u0161enja, dok glavni trener Tomas Frank insistira na dodatnoj prijetnji po gol.<\/p>\n\n\n\n<p>Totenhem je jo\u0161 pro\u0161log ljeta stupio u kontakt povodom Marmu\u0161a, paralelno s razgovorima o eventualnom transferu Savinja, a izvori sugeri\u0161u da se sada ponovo razvija vrlo sli\u010dna situacija.<\/p>\n\n\n\n<p>Profil Marmu\u0161a smatra se dobrim uklapanjem u potrebe Toteneama, jer egipatski napada\u010d nudi direktnost i napada\u010dki u\u010dinak kakav klub tra\u017ei.<\/p>\n\n\n\n<p>Trenutno se nalazi na reprezentativnim obavezama na Afri\u010dkom kupu nacija, a ove sezone je imao ograni\u010denu minuta\u017eu u Man\u010dester sitiju. Izvori navode da su ve\u0107 zapo\u010deta preliminarna ispitivanja njegove situacije.<\/p>\n\n\n\n<p>Ipak, oni koji su bliski pregovorima sa strane Sitija vjeruju da bi bilo kakav dogovor bio izuzetno te\u0161ko realizovati tokom sezone, s obzirom na to da klub ne \u017eeli da oslabi sastav dok se i dalje takmi\u010di na vi\u0161e frontova.<\/p>\n\n\n\n<p>Marmu\u0161 je u Man\u010dester siti stigao prije samo godinu dana, u transferu vrijednom 70 miliona eura, iz Ajntrahta iz Frankfurta.<\/p>\n\n\n\n<p>Savinjo i Oskar Bob trenutno se smatraju realnijim kandidatima za eventualni odlazak, ali se o\u010dekuje da \u0107e situacija oko Marmu\u0161a uskoro dobiti jasniju sliku u javnosti.<\/p>","protected":false},"excerpt":{"rendered":"<p>Totenhem se ponovo vra\u0107a u pri\u010du oko Omara Marmu\u0161a, a izvori navode da se priprema novi upit kako bi se ispitalo kakav je stav Man\u010dester sitija.<\/p>","protected":false},"author":7,"featured_media":941453,"comment_status":"open","ping_status":"open","sticky":false,"template":"","format":"standard","meta":{"_acf_changed":false,"footnotes":"","jetpack_publicize_message":"","jetpack_publicize_feature_enabled":true,"jetpack_social_post_already_shared":false,"jetpack_social_options":{"image_generator_settings":{"template":"highway","default_image_id":0,"font":"","enabled":false},"version":2}},"categories":[15],"tags":[2197,17025,443],"naslovna":[],"class_list":["post-941452","post","type-post","status-publish","format-standard","has-post-thumbnail","hentry","category-sport","tag-mancester-siti","tag-omar-marmus","tag-totenhem"],"acf":[],"jetpack_publicize_connections":[],"_links":{"self":[{"href":"https:\/\/gradski.me\/en\/wp-json\/wp\/v2\/posts\/941452","targetHints":{"allow":["GET"]}}],"collection":[{"href":"https:\/\/gradski.me\/en\/wp-json\/wp\/v2\/posts"}],"about":[{"href":"https:\/\/gradski.me\/en\/wp-json\/wp\/v2\/types\/post"}],"author":[{"embeddable":true,"href":"https:\/\/gradski.me\/en\/wp-json\/wp\/v2\/users\/7"}],"replies":[{"embeddable":true,"href":"https:\/\/gradski.me\/en\/wp-json\/wp\/v2\/comments?post=941452"}],"version-history":[{"count":0,"href":"https:\/\/gradski.me\/en\/wp-json\/wp\/v2\/posts\/941452\/revisions"}],"wp:featuredmedia":[{"embeddable":true,"href":"https:\/\/gradski.me\/en\/wp-json\/wp\/v2\/media\/941453"}],"wp:attachment":[{"href":"https:\/\/gradski.me\/en\/wp-json\/wp\/v2\/media?parent=941452"}],"wp:term":[{"taxonomy":"category","embeddable":true,"href":"https:\/\/gradski.me\/en\/wp-json\/wp\/v2\/categories?post=941452"},{"taxonomy":"post_tag","embeddable":true,"href":"https:\/\/gradski.me\/en\/wp-json\/wp\/v2\/tags?post=941452"},{"taxonomy":"naslovna","embeddable":true,"href":"https:\/\/gradski.me\/en\/wp-json\/wp\/v2\/naslovna?post=941452"}],"curies":[{"name":"wp","href":"https:\/\/api.w.org\/{rel}","templated":true}]}}