{"id":941224,"date":"2025-12-29T13:35:45","date_gmt":"2025-12-29T12:35:45","guid":{"rendered":"https:\/\/gradski.me\/uncategorized\/odt-predlozen-pritvor-osumnjicenima-razbojnicka-kradja-i-teske-tjelesne\/"},"modified":"2025-12-29T13:35:45","modified_gmt":"2025-12-29T12:35:45","slug":"odt-predlozen-pritvor-osumnjicenima-razbojnicka-kradja-i-teske-tjelesne","status":"publish","type":"post","link":"https:\/\/gradski.me\/en\/hronika\/odt-predlozen-pritvor-osumnjicenima-razbojnicka-kradja-i-teske-tjelesne\/","title":{"rendered":"ODT: Predlo\u017een pritvor osumnji\u010denima, razbojni\u010dka kra\u0111a i te\u0161ke tjelesne"},"content":{"rendered":"<p><br>&#8222;Dr\u017eavni tu\u017eilac u Osnovnom dr\u017eavnom tu\u017eila\u0161tvu u Nik\u0161i\u0107u, nakon saslu\u0161anja donio je rje\u0161enje o zadr\u017eavanju i podnio predlog za odre\u0111ivanje pritvora I.S. zbog osnovane sumnje da je izvr\u0161io krivi\u010dno djelo razbojni\u010dka kra\u0111a u sticaju sa krivi\u010dnim djelom te\u0161ka tjelesna povreda i M.R. zbog osnovane sumnje da je izvr\u0161io krivi\u010dno djelo kra\u0111a&#8220;, navode iz ODT.<\/p>\n\n\n\n<p>Osnovano se sumnja da je I.S. iz putni\u010dkog vozila oduzeo stvari vlasni\u0161tvo R.M. a u namjeri da oduzete stvari zadr\u017ei upotrijebio silu protiv o\u0161te\u0107enog i nanio mu te\u0161ku tjelesnu povredu.<\/p>\n\n\n\n<p>&#8222;Postoji osnovana sumnja da je M.R. u namjeri da sebi pribavi protivpravnu imovinsku korist oduzeo vozilo vlasni\u0161tvo R.M.&#8220;, zaklju\u010duju u saop\u0161tenju.<\/p>\n\n\n\n<p><\/p>","protected":false},"excerpt":{"rendered":"<p>Predlo\u017een pritvor jednom osumnji\u010denom zbog razbojni\u010dke kra\u0111e i te\u0161ke tjelesne povrede a drugom osumnji\u010denom zbog kra\u0111e, stoji u saop\u0161tenju Osnovnog dr\u017eavnog tu\u017eila\u0161tva.<\/p>","protected":false},"author":4,"featured_media":920371,"comment_status":"open","ping_status":"open","sticky":false,"template":"","format":"standard","meta":{"_acf_changed":false,"footnotes":"","jetpack_publicize_message":"","jetpack_publicize_feature_enabled":true,"jetpack_social_post_already_shared":false,"jetpack_social_options":{"image_generator_settings":{"template":"highway","default_image_id":0,"font":"","enabled":false},"version":2}},"categories":[10],"tags":[387,1474,2064,12565],"naslovna":[],"class_list":["post-941224","post","type-post","status-publish","format-standard","has-post-thumbnail","hentry","category-hronika","tag-kradja","tag-odt","tag-pritvor","tag-razbojnistvo"],"acf":[],"jetpack_publicize_connections":[],"_links":{"self":[{"href":"https:\/\/gradski.me\/en\/wp-json\/wp\/v2\/posts\/941224","targetHints":{"allow":["GET"]}}],"collection":[{"href":"https:\/\/gradski.me\/en\/wp-json\/wp\/v2\/posts"}],"about":[{"href":"https:\/\/gradski.me\/en\/wp-json\/wp\/v2\/types\/post"}],"author":[{"embeddable":true,"href":"https:\/\/gradski.me\/en\/wp-json\/wp\/v2\/users\/4"}],"replies":[{"embeddable":true,"href":"https:\/\/gradski.me\/en\/wp-json\/wp\/v2\/comments?post=941224"}],"version-history":[{"count":0,"href":"https:\/\/gradski.me\/en\/wp-json\/wp\/v2\/posts\/941224\/revisions"}],"wp:featuredmedia":[{"embeddable":true,"href":"https:\/\/gradski.me\/en\/wp-json\/wp\/v2\/media\/920371"}],"wp:attachment":[{"href":"https:\/\/gradski.me\/en\/wp-json\/wp\/v2\/media?parent=941224"}],"wp:term":[{"taxonomy":"category","embeddable":true,"href":"https:\/\/gradski.me\/en\/wp-json\/wp\/v2\/categories?post=941224"},{"taxonomy":"post_tag","embeddable":true,"href":"https:\/\/gradski.me\/en\/wp-json\/wp\/v2\/tags?post=941224"},{"taxonomy":"naslovna","embeddable":true,"href":"https:\/\/gradski.me\/en\/wp-json\/wp\/v2\/naslovna?post=941224"}],"curies":[{"name":"wp","href":"https:\/\/api.w.org\/{rel}","templated":true}]}}