{"id":941223,"date":"2025-12-29T15:59:00","date_gmt":"2025-12-29T14:59:00","guid":{"rendered":"https:\/\/gradski.me\/uncategorized\/janovic-politicke-podjele-uskratile-ustavnom-sudu-najstrucnije-kadrove\/"},"modified":"2025-12-29T15:59:00","modified_gmt":"2025-12-29T14:59:00","slug":"janovic-politicke-podjele-uskratile-ustavnom-sudu-najstrucnije-kadrove","status":"publish","type":"post","link":"https:\/\/gradski.me\/en\/politika\/janovic-politicke-podjele-uskratile-ustavnom-sudu-najstrucnije-kadrove\/","title":{"rendered":"Janovi\u0107: Politi\u010dke podjele uskratile Ustavnom sudu najstru\u010dnije kadrove"},"content":{"rendered":"<p><\/p>\n\n\n\n<p><\/p>\n\n\n\n<p><\/p>\n\n\n\n<p>Kako je naveo na mre\u017ei X, politi\u010dke partije su kandidate unaprijed svrstavale na \u201ena\u0161e\u201c i \u201enjihove\u201c, \u0161to je, prema njegovim rije\u010dima, dovelo do toga da Sud ne dobije uvijek najstru\u010dnije \u010dlanove.<\/p>\n\n\n\n<p>Janovi\u0107 je poru\u010dio da je do\u0161lo vrijeme da se, uprkos postoje\u0107im neslaganjima, poka\u017ee politi\u010dka zrelost i zajedni\u010dki doprinese evropskom putu Crne Gore.<\/p>\n\n\n\n<p>\u201ePotrebno je da sara\u0111ujemo zarad vi\u0161eg cilja i poka\u017eemo da mo\u017eemo djelovati zajedno u interesu dr\u017eave\u201c, naglasio je on.<\/p>","protected":false},"excerpt":{"rendered":"<p>Nezavisni poslanik\u00a0Nikola Janovi\u0107\u00a0izjavio je da su politi\u010dki sukobi prethodnih godina onemogu\u0107ili brojnim kvalitetnim pravnicima da dobiju priliku da svoje znanje poka\u017eu u Ustavnom sudu.<\/p>","protected":false},"author":8,"featured_media":915585,"comment_status":"open","ping_status":"open","sticky":false,"template":"","format":"standard","meta":{"_acf_changed":false,"footnotes":"","jetpack_publicize_message":"","jetpack_publicize_feature_enabled":true,"jetpack_social_post_already_shared":false,"jetpack_social_options":{"image_generator_settings":{"template":"highway","default_image_id":0,"font":"","enabled":false},"version":2}},"categories":[7],"tags":[8499,208,6238],"naslovna":[],"class_list":["post-941223","post","type-post","status-publish","format-standard","has-post-thumbnail","hentry","category-politika","tag-janovic","tag-politika","tag-ustavni"],"acf":[],"jetpack_publicize_connections":[],"_links":{"self":[{"href":"https:\/\/gradski.me\/en\/wp-json\/wp\/v2\/posts\/941223","targetHints":{"allow":["GET"]}}],"collection":[{"href":"https:\/\/gradski.me\/en\/wp-json\/wp\/v2\/posts"}],"about":[{"href":"https:\/\/gradski.me\/en\/wp-json\/wp\/v2\/types\/post"}],"author":[{"embeddable":true,"href":"https:\/\/gradski.me\/en\/wp-json\/wp\/v2\/users\/8"}],"replies":[{"embeddable":true,"href":"https:\/\/gradski.me\/en\/wp-json\/wp\/v2\/comments?post=941223"}],"version-history":[{"count":0,"href":"https:\/\/gradski.me\/en\/wp-json\/wp\/v2\/posts\/941223\/revisions"}],"wp:featuredmedia":[{"embeddable":true,"href":"https:\/\/gradski.me\/en\/wp-json\/wp\/v2\/media\/915585"}],"wp:attachment":[{"href":"https:\/\/gradski.me\/en\/wp-json\/wp\/v2\/media?parent=941223"}],"wp:term":[{"taxonomy":"category","embeddable":true,"href":"https:\/\/gradski.me\/en\/wp-json\/wp\/v2\/categories?post=941223"},{"taxonomy":"post_tag","embeddable":true,"href":"https:\/\/gradski.me\/en\/wp-json\/wp\/v2\/tags?post=941223"},{"taxonomy":"naslovna","embeddable":true,"href":"https:\/\/gradski.me\/en\/wp-json\/wp\/v2\/naslovna?post=941223"}],"curies":[{"name":"wp","href":"https:\/\/api.w.org\/{rel}","templated":true}]}}