{"id":941176,"date":"2025-12-29T10:35:00","date_gmt":"2025-12-29T09:35:00","guid":{"rendered":"https:\/\/gradski.me\/uncategorized\/becic-veting-je-najvazniji-proces-u-istoriji-crnogorskog-drustva-ciscenje-sistema-od-svih-koji-nijesu-sluzili-drzavi\/"},"modified":"2025-12-29T10:35:00","modified_gmt":"2025-12-29T09:35:00","slug":"becic-veting-je-najvazniji-proces-u-istoriji-crnogorskog-drustva-ciscenje-sistema-od-svih-koji-nijesu-sluzili-drzavi","status":"publish","type":"post","link":"https:\/\/gradski.me\/en\/politika\/becic-veting-je-najvazniji-proces-u-istoriji-crnogorskog-drustva-ciscenje-sistema-od-svih-koji-nijesu-sluzili-drzavi\/","title":{"rendered":"Be\u010di\u0107: Veting je najva\u017eniji proces u istoriji crnogorskog dru\u0161tva, \u010di\u0161\u0107enje sistema od svih koji nijesu slu\u017eili dr\u017eavi"},"content":{"rendered":"<p><br>Be\u010di\u0107 se srda\u010dno zahvalio prisutnima, ali i onima koji nijesu bili u prilici da do\u0111u, na hrabrosti i na odlu\u010dnosti, koju su svih ovih godina pokazali grade\u0107i put Demokratske Crne Gore, ali i put Crne Gore ka slobodnoj zemlji.<br><br>\u201eHvala vam \u0161to se nikad nijeste mirili sa onom \u201ene mo\u017ee se nikad ovo promijeniti, ne mo\u017ee se ovo pobijedti, ne mo\u017ee se ovo ispraviti\u201c, jer smo ipak na kraju dokazali da mo\u017ee! U godinama prije 2020. godine smo preko puta sebe za protivnika imali jedan u mnogo \u010demu kriminalan i antidemokratski sistem. Sve to vidite danas po optu\u017enicama, odre\u0111enim presudama, naredbama za sprovo\u0111enje istraga, sa \u010dime smo se i mi i vi borili. Sudarali smo se sa jednim u mnogo \u010demu monstruoznim kriminalnim strukturama, koje su na svakom koraku podrivale dr\u017eavu Crnu Goru, koja su sprovodile najve\u0107u izdaju u istoriji Crne Gore. Jer nema ve\u0107e izdaje u istoriji jedne zemlje nego kad klju\u010dne institucije te dr\u017eave, sektor bezbjednosti, tu\u017eila\u0161tvo i sudstvo pretvorite po rije\u010dima nadle\u017enih u kurirsko sluganske ispostave mafija\u0161kih struktura i narko kartela.\u201c<br><br>\u201eTvrdio sam mnogim \u010dasnim i po\u0161tenim ljudima, koji su uvijek bili i bi\u0107e u ve\u0107ini, a sad su kona\u010dno glasni, odlu\u010dni, voljni i spremni, da se mo\u017ee pobijediti biv\u0161i sistem. I da nijesmo tada vjerovali da je to mogu\u0107e sve bi bilo besmisleno. \u017divot bi bio besmislen da smo se tada pomirili sa time, da pare, novac, mo\u0107 i kriminal mogu sve. Ne mogu. I dokazali smo da ne mogu. Slobodan, \u010dist, hrabar i odlu\u010dan \u010dovjek mo\u017ee sve. Nema te prepreke koju ne mo\u017ee savladati. Zato danas upravo takvi profesionalci na \u010delnim pozicijama pokazuju kako od dr\u017eave niko vi\u0161e nikada ne mo\u017ee biti ja\u010di i kako \u0107e dr\u017eava do\u0107i do svakog ko je ogrezao u kriminalu i korupciji\u201c, kazao je Be\u010di\u0107 okupljenima.<br><br>Be\u010di\u0107 je naglasio da je veting nije dovoljno da bude sproveden samo u sektoru bezbjednosti i odbrane gdje se saglasno zakonskim mehanizmima i obavezama kontinuirano \u010disti sistem od svih nedozvoljenih uticaja, ve\u0107 da je on nu\u017ean u svim djelovima sistema, a posbeno pravosu\u0111u i institucijama na kojima po\u010diva pravna dr\u017eava.<br><br>\u201eVeting je najva\u017eniji proces u istoriji crnogorskog dru\u0161tva, \u010di\u0161\u0107enje sistema od svih koji nijesu slu\u017eili dr\u017eavi, kako god se oni zvali i prezivali. Veting je temelj ozdravljenja Crne Gore\u201c, poru\u010dio je Be\u010di\u0107.<br><br>Prisutnima je tako\u0111e naglasio da u prethodnom periodu nije nedostajalo ni odlu\u010dnosti, ni vizije, a ni hrabrosti.<br><br>\u201eOmogu\u0107ili smo da samo profesionalci dolaze na odgovornim i klju\u010dnim pozicijama, jer nama ni\u0161ta drugo nije ni bilo potrebno. Recimo nama je bilo potrebno samo da na mjestu direktora Uprave policije do\u0111e \u010dovjek koji je hrabar, koji je odlu\u010dan i koji radi bez predaha, koji ima iskustvo i koji ima znanje i koji je spreman da ide do kraja u odbrani zakona i pravne dr\u017eave. A \u0161ta zna\u010di? To zna\u010di da nema tog imena i prezimena u Crnoj Gori koje mo\u017ee biti nedodirljivo i koje mo\u017ee biti ja\u010de od dr\u017eave\u201c, poru\u010dio je Be\u010di\u0107.<br><br>Predsjednik Demokrata, Aleksa Be\u010di\u0107, tako\u0111e je sa okupljenim gra\u0111anima razgovarao o lokalnim problemima kao i idejama i vizijama koje Demokrate planiraju da realizuju u narednom periodu, a koje se ti\u010du boljeg \u017eivotnog standarda \u00a0gra\u0111ana Bijelog Polja.<br><br><\/p>","protected":false},"excerpt":{"rendered":"<p>Predsjednik Demokratske Crne Gore Aleksa Be\u010di\u0107, zajedno sa funkcionerima Demokrata, nastavio je razgovore sa gra\u0111anima povodom deset godina od osnivanja partije. Ovoga puta, predsjednika Be\u010di\u0107a kao i funkcionere, u doma\u0107inskoj i toploj atmosferi do\u010dekali su stanovnici naselja Prijelozi iz Bijelog Polja, saop\u0161teno je iz Demokratske Crne Gore.<\/p>","protected":false},"author":1,"featured_media":941177,"comment_status":"open","ping_status":"open","sticky":false,"template":"","format":"standard","meta":{"_acf_changed":false,"footnotes":"","jetpack_publicize_message":"","jetpack_publicize_feature_enabled":true,"jetpack_social_post_already_shared":false,"jetpack_social_options":{"image_generator_settings":{"template":"highway","default_image_id":0,"font":"","enabled":false},"version":2}},"categories":[7],"tags":[1698,22581,7289,28340,4520],"naslovna":[],"class_list":["post-941176","post","type-post","status-publish","format-standard","has-post-thumbnail","hentry","category-politika","tag-aleksa-becic","tag-crnogorsko-drustvo","tag-sistem","tag-sluzenje-drzavi","tag-veting"],"acf":[],"jetpack_publicize_connections":[],"_links":{"self":[{"href":"https:\/\/gradski.me\/en\/wp-json\/wp\/v2\/posts\/941176","targetHints":{"allow":["GET"]}}],"collection":[{"href":"https:\/\/gradski.me\/en\/wp-json\/wp\/v2\/posts"}],"about":[{"href":"https:\/\/gradski.me\/en\/wp-json\/wp\/v2\/types\/post"}],"author":[{"embeddable":true,"href":"https:\/\/gradski.me\/en\/wp-json\/wp\/v2\/users\/1"}],"replies":[{"embeddable":true,"href":"https:\/\/gradski.me\/en\/wp-json\/wp\/v2\/comments?post=941176"}],"version-history":[{"count":0,"href":"https:\/\/gradski.me\/en\/wp-json\/wp\/v2\/posts\/941176\/revisions"}],"wp:featuredmedia":[{"embeddable":true,"href":"https:\/\/gradski.me\/en\/wp-json\/wp\/v2\/media\/941177"}],"wp:attachment":[{"href":"https:\/\/gradski.me\/en\/wp-json\/wp\/v2\/media?parent=941176"}],"wp:term":[{"taxonomy":"category","embeddable":true,"href":"https:\/\/gradski.me\/en\/wp-json\/wp\/v2\/categories?post=941176"},{"taxonomy":"post_tag","embeddable":true,"href":"https:\/\/gradski.me\/en\/wp-json\/wp\/v2\/tags?post=941176"},{"taxonomy":"naslovna","embeddable":true,"href":"https:\/\/gradski.me\/en\/wp-json\/wp\/v2\/naslovna?post=941176"}],"curies":[{"name":"wp","href":"https:\/\/api.w.org\/{rel}","templated":true}]}}