{"id":941160,"date":"2025-12-29T12:05:00","date_gmt":"2025-12-29T11:05:00","guid":{"rendered":"https:\/\/gradski.me\/uncategorized\/djordan-donacija-nacin-podrske-najugrozenijima\/"},"modified":"2025-12-29T12:05:00","modified_gmt":"2025-12-29T11:05:00","slug":"djordan-donacija-nacin-podrske-najugrozenijima","status":"publish","type":"post","link":"https:\/\/gradski.me\/en\/drustvo\/djordan-donacija-nacin-podrske-najugrozenijima\/","title":{"rendered":"\u0110ordan: Donacija na\u010din podr\u0161ke najugro\u017eenijima"},"content":{"rendered":"<p><\/p>\n\n\n\n<p>Donacija je dio kontinuirane podr\u0161ke lokalnoj zajednici.<\/p>\n\n\n\n<p>\u201eKao kompanija koja posluje u ovoj zajednici decenijama, osje\u0107amo obavezu da damo doprinos tamo gdje je podr\u0161ka najpotrebnija. Svjesni smo da veliki broj porodica \u017eivi u te\u0161kim uslovima i da im je pomo\u0107 \u010desto hitno potrebna. Ova donacija je na\u0161 na\u010din da pru\u017eimo podr\u0161ku porodicama koje se suo\u010davaju sa velikim izazovima svakodnevnog \u017eivota. Zato smo odlu\u010dili da, u saradnji sa Crvenim krstom, i ove godine sredstva usmjerimo direktno ka onima koji se nalaze u najte\u017eoj materijalnoj situaciji\u201c, izjavila je je menad\u017eerka komunikacija Pivare \u201eTrebjesa\u201c, Natalija \u0110ordan.<\/p>\n\n\n\n<p>Predstavnici Op\u0161tinskog odbora Crvenog krsta zahvalili su se na donaciji i istakli da \u0107e sredstva biti raspodijeljena na transparentan na\u010din, u skladu sa utvr\u0111enim kriterijumima, kako bi pomo\u0107 stigla do najugro\u017eenijih.<\/p>\n\n\n\n<p>\u201ePivara &#8216;Trebjesa&#8217; najbolji je primjer dru\u0161tveno odgovorne kompanije koja se svake godine uklju\u010di u na\u0161e aktivnosti na suzbijanju siroma\u0161tva i pomo\u0107i marginalizovanim grupama. Ova zajedni\u010dka aktivnost je tradicionalna i zahvaljuju\u0107i donaciji uspje\u0107emo da obradujemo 80 porodica za novogodi\u0161nje i bo\u017ei\u0107ne praznike. Nadamo se da \u0107e i ostali slijediti ovaj pozitivni primjer, kako bi zajedno pomogli svima kojima je na\u0161a pomo\u0107 neophodna\u201c, kazala je sekretarka Op\u0161tinskog odbora Crvenog krsta Nik\u0161i\u0107, Ana Macanovi\u0107.<\/p>","protected":false},"excerpt":{"rendered":"<p>Pivara \u201eTrebjesa\u201c donirala je novac Op\u0161tinskom odboru Crvenog krsta, a sredstva \u0107e biti usmjerena na pomo\u0107 porodicama koje se nalaze u posebno te\u0161kom materijalnom polo\u017eaju.<\/p>","protected":false},"author":4,"featured_media":941161,"comment_status":"open","ping_status":"open","sticky":false,"template":"","format":"standard","meta":{"_acf_changed":false,"footnotes":"","jetpack_publicize_message":"","jetpack_publicize_feature_enabled":true,"jetpack_social_post_already_shared":false,"jetpack_social_options":{"image_generator_settings":{"template":"highway","default_image_id":0,"font":"","enabled":false},"version":2}},"categories":[9],"tags":[188,750,20554],"naslovna":[],"class_list":["post-941160","post","type-post","status-publish","format-standard","has-post-thumbnail","hentry","category-drustvo","tag-crna-gora","tag-crveni-krst","tag-pivara-trebjesa"],"acf":[],"jetpack_publicize_connections":[],"_links":{"self":[{"href":"https:\/\/gradski.me\/en\/wp-json\/wp\/v2\/posts\/941160","targetHints":{"allow":["GET"]}}],"collection":[{"href":"https:\/\/gradski.me\/en\/wp-json\/wp\/v2\/posts"}],"about":[{"href":"https:\/\/gradski.me\/en\/wp-json\/wp\/v2\/types\/post"}],"author":[{"embeddable":true,"href":"https:\/\/gradski.me\/en\/wp-json\/wp\/v2\/users\/4"}],"replies":[{"embeddable":true,"href":"https:\/\/gradski.me\/en\/wp-json\/wp\/v2\/comments?post=941160"}],"version-history":[{"count":0,"href":"https:\/\/gradski.me\/en\/wp-json\/wp\/v2\/posts\/941160\/revisions"}],"wp:featuredmedia":[{"embeddable":true,"href":"https:\/\/gradski.me\/en\/wp-json\/wp\/v2\/media\/941161"}],"wp:attachment":[{"href":"https:\/\/gradski.me\/en\/wp-json\/wp\/v2\/media?parent=941160"}],"wp:term":[{"taxonomy":"category","embeddable":true,"href":"https:\/\/gradski.me\/en\/wp-json\/wp\/v2\/categories?post=941160"},{"taxonomy":"post_tag","embeddable":true,"href":"https:\/\/gradski.me\/en\/wp-json\/wp\/v2\/tags?post=941160"},{"taxonomy":"naslovna","embeddable":true,"href":"https:\/\/gradski.me\/en\/wp-json\/wp\/v2\/naslovna?post=941160"}],"curies":[{"name":"wp","href":"https:\/\/api.w.org\/{rel}","templated":true}]}}