{"id":941086,"date":"2025-12-28T17:39:00","date_gmt":"2025-12-28T16:39:00","guid":{"rendered":"https:\/\/gradski.me\/uncategorized\/sezona-iz-snova-dembele-nagradjen-na-globe-soccer-awards\/"},"modified":"2025-12-28T17:39:00","modified_gmt":"2025-12-28T16:39:00","slug":"sezona-iz-snova-dembele-nagradjen-na-globe-soccer-awards","status":"publish","type":"post","link":"https:\/\/gradski.me\/en\/sport\/sezona-iz-snova-dembele-nagradjen-na-globe-soccer-awards\/","title":{"rendered":"Sezona iz snova: Dembele nagra\u0111en na &#8222;Globe Soccer Awards&#8220;"},"content":{"rendered":"<p>Kao \u0161to se i o\u010dekivalo, Luis Enrike je progla\u0161en za trenera godine, Luis Okampos je najbolji sportski direktor, Dezireu Dueu je pripala nagrada &#8222;nadolaze\u0107i igra\u010d&#8220; za najboljeg mladog fudbalera, dok je vezista 2025. porugalski ma\u0111ioni\u010dar iz redova &#8222;svetaca&#8220; Vitinja.<\/p>\n\n\n\n<p>Na kraju i glavna nagrada oti\u0161la je u ruke Usmana Dembelea, koji je tako ostvario &#8222;het-trik&#8220; nagrada kao fudbaler koji je obilje\u017eio fudbalsku 2025. godinu.<\/p>\n\n\n\n<p>Nagrade su uru\u010dene i Naseru Al&nbsp;Kaleifiju, kao najboljem vlasniku, dok je PS\u017d na kraju progla\u0161en i najboljim klubom.&nbsp;<\/p>\n\n\n\n<p>Aitana Bonmati je tre\u0107i put zaredom izabrana za najbolju fudbalerku godine, ba\u0161 kao \u0161to je Barselona klub godine.<\/p>\n\n\n\n<p>Lamine Jamal je dobio nagradu za najboljeg napada\u010da.<\/p>\n\n\n\n<p>Portugalac \u017dor\u017e Mende\u0161 je \u010dak 13. put progla\u0161en za najboljeg agenta na svijetu. Po jednom je do sada to priznanje pripalo Minu Rajoli (2016) i Federiku Pastorelu (2021).<\/p>\n\n\n\n<p>Najbolja reprezentacija je Portugal, a specijalna nagrada je uru\u010dena u \u010dast i sje\u0107anje na Dioga \u017dotu.<\/p>\n\n\n\n<p>Nagradu za u\u010dinak tokom karijere dobio je legendarni vezista Barselone i \u0160panije, Andres Inijesta.<\/p>\n\n\n\n<p>&#8222;Najbolji povratak sezone&#8220; dodijeljen je nekada\u0161njem reprezentativcu Francuske, Polu Pogbi.<\/p>\n\n\n\n<p>Sve\u010danost &#8222;Globe Soccer Awards&#8220; se od 2011. krajem svake godine odr\u017eava u Dubaiju. Tu organizaciju su pokrenuli Italijani Tomazo Bendoni i Rikardo Silva, koji je suvlasnik Milana i Majamija, a u izborima u\u010destvuju UEFA, Pro liga Ujedinjenih Arapskih Emirata, Udru\u017eenje evropskih klubova (ECA) i Evropska asocijacija fudbalskih agenata (EFAA).<\/p>\n\n\n\n<p>Dembele je 10. dobitnik nagrade za najboljeg fudbalera godine. \u0160est puta je to priznanje pripalo Kristijanu Ronaldu, a po jednom Radamelu Falkaou (2012), Franku Riberiju (2013), Lionelu Mesiju (2015), Robertu Levandovskom (2020), Kilijanu Mbapeu (2021), Karimu Benzemi (2022), Erlingu Halandu (2023) i Vinisijusu \u017dunioru (2024).<\/p>","protected":false},"excerpt":{"rendered":"<p>Sezona nestvarne dominacije Pari Sen \u017dermena je krunisana nagradama &#8222;Frans fudbala&#8220; i Fife, a sada je stavljena i ta\u010dka na &#8222;Globe Soccer Awards&#8220; u Dubaiju, gdje su &#8222;sveci&#8220; pokupili sva najva\u017enija priznanja.<\/p>","protected":false},"author":7,"featured_media":941087,"comment_status":"open","ping_status":"open","sticky":false,"template":"","format":"standard","meta":{"_acf_changed":false,"footnotes":"","jetpack_publicize_message":"","jetpack_publicize_feature_enabled":true,"jetpack_social_post_already_shared":false,"jetpack_social_options":{"image_generator_settings":{"template":"highway","default_image_id":0,"font":"","enabled":false},"version":2}},"categories":[15],"tags":[28308,15623],"naslovna":[],"class_list":["post-941086","post","type-post","status-publish","format-standard","has-post-thumbnail","hentry","category-sport","tag-globe-soccer-awards","tag-usman-dembele"],"acf":[],"jetpack_publicize_connections":[],"_links":{"self":[{"href":"https:\/\/gradski.me\/en\/wp-json\/wp\/v2\/posts\/941086","targetHints":{"allow":["GET"]}}],"collection":[{"href":"https:\/\/gradski.me\/en\/wp-json\/wp\/v2\/posts"}],"about":[{"href":"https:\/\/gradski.me\/en\/wp-json\/wp\/v2\/types\/post"}],"author":[{"embeddable":true,"href":"https:\/\/gradski.me\/en\/wp-json\/wp\/v2\/users\/7"}],"replies":[{"embeddable":true,"href":"https:\/\/gradski.me\/en\/wp-json\/wp\/v2\/comments?post=941086"}],"version-history":[{"count":0,"href":"https:\/\/gradski.me\/en\/wp-json\/wp\/v2\/posts\/941086\/revisions"}],"wp:featuredmedia":[{"embeddable":true,"href":"https:\/\/gradski.me\/en\/wp-json\/wp\/v2\/media\/941087"}],"wp:attachment":[{"href":"https:\/\/gradski.me\/en\/wp-json\/wp\/v2\/media?parent=941086"}],"wp:term":[{"taxonomy":"category","embeddable":true,"href":"https:\/\/gradski.me\/en\/wp-json\/wp\/v2\/categories?post=941086"},{"taxonomy":"post_tag","embeddable":true,"href":"https:\/\/gradski.me\/en\/wp-json\/wp\/v2\/tags?post=941086"},{"taxonomy":"naslovna","embeddable":true,"href":"https:\/\/gradski.me\/en\/wp-json\/wp\/v2\/naslovna?post=941086"}],"curies":[{"name":"wp","href":"https:\/\/api.w.org\/{rel}","templated":true}]}}