{"id":941044,"date":"2025-12-28T13:07:00","date_gmt":"2025-12-28T12:07:00","guid":{"rendered":"https:\/\/gradski.me\/uncategorized\/opet-bojana-i-tomislav-bez-premca\/"},"modified":"2025-12-28T13:07:00","modified_gmt":"2025-12-28T12:07:00","slug":"opet-bojana-i-tomislav-bez-premca","status":"publish","type":"post","link":"https:\/\/gradski.me\/en\/sport\/opet-bojana-i-tomislav-bez-premca\/","title":{"rendered":"Opet Bojana i Tomislav bez premca"},"content":{"rendered":"<p>Za najboljeg pionira (U13) progla\u0161en je&nbsp;<strong>Matej Petrovi\u0107<\/strong>&nbsp;(BK Podgorica), najbolji \u0161kolarac (U15) u 2025. bio je&nbsp;<strong>Nikola Ili\u0107<\/strong>&nbsp;(BK Podgorica) a \u0161kolarka (U15)&nbsp;<strong>Ena Hot<\/strong>&nbsp;(BK Feniks). Pehar za najboljeg u juniorskoj konkurenciji (U17) dobio je evropski \u0161ampion&nbsp;<strong>Matija Roganovi\u0107 (<\/strong>BK Nik\u0161i\u0107), dok je za najboljeg mladog boksera (U19) progla\u0161en&nbsp;<strong>Danilo Markovi\u0107&nbsp;<\/strong>(BK Power boksing).<\/p>\n\n\n\n<p>U seniorskoj konkurenciji bez premca su bili&nbsp;<strong>Tomislav \u0110inovi\u0107<\/strong>&nbsp;(BK Zlati\u010danin) i&nbsp;<strong>Bojana Gojkovi\u0107 (<\/strong>BK Budva), koji su i pro\u0161le godine bili najbolji u BSCG. Uz to, Bojani je ovo bilo peti put zaredom da je izabrana za najbolju bokserku Crne Gore.<\/p>\n\n\n\n<p>Priznanje za najboljeg sudiju dobio je&nbsp;<strong>Bla\u017eo Jabu\u010danin<\/strong>, dok su preostale dvie nagrade oti\u0161le u Nik\u0161i\u0107 \u2013 za najboljeg trenera progla\u0161en je&nbsp;<strong>Bo\u0161ko Dra\u0161kovi\u0107,&nbsp;<\/strong>a njegov BK Nik\u0161i\u0107 za najbolji bokserski klub u 2025. godini.<\/p>\n\n\n\n<p>Pehare i priznanja najsupje\u0161nijim je uru\u010dio predsjednik BSCG&nbsp;<strong>Aleksander Klemenko,<\/strong>&nbsp;koji je izrazio veliko zadovoljstvo rezultatima ostvarenim tokom 2025. godine, isti\u010du\u0107i da je crnogorski boks u proteklom periodu zabilje\u017eio sna\u017ean takmi\u010darski i organizacioni napredak.<\/p>\n\n\n\n<p><strong>\u201cVeoma sam zadovoljan 2025. godinom. Osvojili smo \u0161est evropskih medalja, a napredak je iz godine u godinu o\u010digledan. Ostvareni rezultati su potvrda sistemskog i planskog rada Saveza. Ove godine je BSCG u potpunosti realizovao sve aktivnosti predvi\u0111ene godi\u0161njim programom rada, \u0161to je, osim sportskih uspjeha, rezultiralo i konkretnim pomacima u unapre\u0111enju infrastrukture i uslova za rad klubova \u0161irom dr\u017eave. Posebno bih izdvojio rje\u0161avanje pitanja prostorija za bokserske klubove i razvojne centre. Tako je BK Nik\u0161i\u0107 nedavno dobio adekvatan prostor u okviru Gradskog stadiona, \u010dime su stvoreni znatno bolji uslovi za trening i dalji razvoj mladih sportista. Tako\u0111e, na javnoj raspravi 31. januara u Budvi o\u010dekujemo da \u0107e biti donijeta odluka o dodjeli prostorija za Boksersku akademiju, \u0161to predstavlja va\u017ean korak ka dugoro\u010dnom i odr\u017eivom razvoju boksa u Crnoj Gori<\/strong>\u201c, rekao je Aleksander Klemenko.<\/p>\n\n\n\n<p>Kao dodatnu potvrdu uspje\u0161nog rada aktuelnog rukovodstva, Klemenko je ukazao na zna\u010dajan rast masovnosti i uklju\u010denosti klubova u takmi\u010darski sistem.<\/p>\n\n\n\n<p>\u201c<strong>Dana\u0161nje prvenstvo je najmasovnije od kada se ova takmi\u010denja odr\u017eavaju. U odnosu na pro\u0161lu godinu imamo duplo ve\u0107i broj takmi\u010dara, kao i \u010dak 26 klubova, za razliku od svega sedam klubova koliko ih je bilo u trenutku kada smo preuzeli rukovo\u0111enje Savezom\u201d,&nbsp;<\/strong>istakao je predsjednik BSCG, prema \u010dijim rije\u010dima, ovakvi pokazatelji jasno potvr\u0111uju da se crnogorski boks nalazi na uzlaznoj putanji, uz stabilnu organizaciju, pove\u0107ano povjerenje klubova i jasnu razvojnu strategiju.<\/p>\n\n\n\n<p>\u201c<strong>Na\u0161 cilj je da nastavimo sa ja\u010danjem baze, razvojem mladih talenata i unapre\u0111enjem uslova za rad, kako bi Crna Gora imala jo\u0161 vi\u0161e me\u0111unarodnih uspjeha u godinama koje dolaze\u201d,&nbsp;<\/strong>rekao je Klemenko.<\/p>","protected":false},"excerpt":{"rendered":"<p>Na prigodnoj sve\u010danosti u dvorani Venom, uo\u010di finalnih borbi na Prvenstvu Crne Gore, Bokserski savez je dodijelio priznanja najboljim pojedincima i kolektivima za 2025. godinu, na osnovu ostvarenih rezultata na doma\u0107oj i me\u0111unarodnoj sceni, kao i ukupnog doprinosa razvoju crnogorskog boksa.<\/p>","protected":false},"author":7,"featured_media":941045,"comment_status":"open","ping_status":"open","sticky":false,"template":"","format":"standard","meta":{"_acf_changed":false,"footnotes":"","jetpack_publicize_message":"","jetpack_publicize_feature_enabled":true,"jetpack_social_post_already_shared":false,"jetpack_social_options":{"image_generator_settings":{"template":"highway","default_image_id":0,"font":"","enabled":false},"version":2}},"categories":[15],"tags":[193,5571,195],"naslovna":[],"class_list":["post-941044","post","type-post","status-publish","format-standard","has-post-thumbnail","hentry","category-sport","tag-bojana-gojkovic","tag-bscg","tag-tomislav-djinovic"],"acf":[],"jetpack_publicize_connections":[],"_links":{"self":[{"href":"https:\/\/gradski.me\/en\/wp-json\/wp\/v2\/posts\/941044","targetHints":{"allow":["GET"]}}],"collection":[{"href":"https:\/\/gradski.me\/en\/wp-json\/wp\/v2\/posts"}],"about":[{"href":"https:\/\/gradski.me\/en\/wp-json\/wp\/v2\/types\/post"}],"author":[{"embeddable":true,"href":"https:\/\/gradski.me\/en\/wp-json\/wp\/v2\/users\/7"}],"replies":[{"embeddable":true,"href":"https:\/\/gradski.me\/en\/wp-json\/wp\/v2\/comments?post=941044"}],"version-history":[{"count":0,"href":"https:\/\/gradski.me\/en\/wp-json\/wp\/v2\/posts\/941044\/revisions"}],"wp:featuredmedia":[{"embeddable":true,"href":"https:\/\/gradski.me\/en\/wp-json\/wp\/v2\/media\/941045"}],"wp:attachment":[{"href":"https:\/\/gradski.me\/en\/wp-json\/wp\/v2\/media?parent=941044"}],"wp:term":[{"taxonomy":"category","embeddable":true,"href":"https:\/\/gradski.me\/en\/wp-json\/wp\/v2\/categories?post=941044"},{"taxonomy":"post_tag","embeddable":true,"href":"https:\/\/gradski.me\/en\/wp-json\/wp\/v2\/tags?post=941044"},{"taxonomy":"naslovna","embeddable":true,"href":"https:\/\/gradski.me\/en\/wp-json\/wp\/v2\/naslovna?post=941044"}],"curies":[{"name":"wp","href":"https:\/\/api.w.org\/{rel}","templated":true}]}}