{"id":940941,"date":"2025-12-27T17:47:00","date_gmt":"2025-12-27T16:47:00","guid":{"rendered":"https:\/\/gradski.me\/uncategorized\/vozac-formule-1-postao-vlasnik-evroligasa\/"},"modified":"2025-12-27T17:47:00","modified_gmt":"2025-12-27T16:47:00","slug":"vozac-formule-1-postao-vlasnik-evroligasa","status":"publish","type":"post","link":"https:\/\/gradski.me\/en\/sport\/vozac-formule-1-postao-vlasnik-evroligasa\/","title":{"rendered":"Voza\u010d Formule 1 postao vlasnik evroliga\u0161a"},"content":{"rendered":"<p>Prema navodima novinara Romana Moline, Asvel&nbsp;je finalizovao ulazak novog manjinskog akcionara u vlasni\u010dku strukturu kluba, potez koji je ocijenjen kao neophodan kako bi se finansijski stabilizovao klub.<\/p>\n\n\n\n<p>Novi investitor je, navodno, manja grupa pojedinaca, me\u0111u kojima je Gasli najpoznatije ime.<\/p>\n\n\n\n<p>Asvel se ove sezone suo\u010dava sa ozbiljnim finansijskim problemima i ranije je ka\u017enjen od strane Evrolige zbog neispunjavanja minimalnih zahtjeva u pogledu potro\u0161nje.<\/p>\n\n\n\n<p>Asvel se trenutno nalazi na deobi poslednjeg mesta u Evroligi, sa u\u010dinkom 5 pobeda i 13 poraza nakon 18 odigranih kola.<\/p>","protected":false},"excerpt":{"rendered":"<p>Francuski voza\u010d Formule 1 Pjer Gasli navodno je postao manjinski vlasnik ko\u0161arka\u0161kog kluba Asvel.<\/p>","protected":false},"author":7,"featured_media":940942,"comment_status":"open","ping_status":"open","sticky":false,"template":"","format":"standard","meta":{"_acf_changed":false,"footnotes":"","jetpack_publicize_message":"","jetpack_publicize_feature_enabled":true,"jetpack_social_post_already_shared":false,"jetpack_social_options":{"image_generator_settings":{"template":"highway","default_image_id":0,"font":"","enabled":false},"version":2}},"categories":[15],"tags":[28238,698,28239],"naslovna":[],"class_list":["post-940941","post","type-post","status-publish","format-standard","has-post-thumbnail","hentry","category-sport","tag-asver","tag-formula-1","tag-pjer-gasli"],"acf":[],"jetpack_publicize_connections":[],"_links":{"self":[{"href":"https:\/\/gradski.me\/en\/wp-json\/wp\/v2\/posts\/940941","targetHints":{"allow":["GET"]}}],"collection":[{"href":"https:\/\/gradski.me\/en\/wp-json\/wp\/v2\/posts"}],"about":[{"href":"https:\/\/gradski.me\/en\/wp-json\/wp\/v2\/types\/post"}],"author":[{"embeddable":true,"href":"https:\/\/gradski.me\/en\/wp-json\/wp\/v2\/users\/7"}],"replies":[{"embeddable":true,"href":"https:\/\/gradski.me\/en\/wp-json\/wp\/v2\/comments?post=940941"}],"version-history":[{"count":0,"href":"https:\/\/gradski.me\/en\/wp-json\/wp\/v2\/posts\/940941\/revisions"}],"wp:featuredmedia":[{"embeddable":true,"href":"https:\/\/gradski.me\/en\/wp-json\/wp\/v2\/media\/940942"}],"wp:attachment":[{"href":"https:\/\/gradski.me\/en\/wp-json\/wp\/v2\/media?parent=940941"}],"wp:term":[{"taxonomy":"category","embeddable":true,"href":"https:\/\/gradski.me\/en\/wp-json\/wp\/v2\/categories?post=940941"},{"taxonomy":"post_tag","embeddable":true,"href":"https:\/\/gradski.me\/en\/wp-json\/wp\/v2\/tags?post=940941"},{"taxonomy":"naslovna","embeddable":true,"href":"https:\/\/gradski.me\/en\/wp-json\/wp\/v2\/naslovna?post=940941"}],"curies":[{"name":"wp","href":"https:\/\/api.w.org\/{rel}","templated":true}]}}