{"id":940717,"date":"2025-12-26T16:30:00","date_gmt":"2025-12-26T15:30:00","guid":{"rendered":"https:\/\/gradski.me\/uncategorized\/dobro-jutro-podgorice-o-rezultatima-sparkluga-crnogorskog-robota\/"},"modified":"2025-12-26T16:30:00","modified_gmt":"2025-12-26T15:30:00","slug":"dobro-jutro-podgorice-o-rezultatima-sparkluga-crnogorskog-robota","status":"publish","type":"post","link":"https:\/\/gradski.me\/en\/drustvo\/dobro-jutro-podgorice-o-rezultatima-sparkluga-crnogorskog-robota\/","title":{"rendered":"\u201cDobro jutro, Podgorice\u201d: O rezultatima Sparkluga, crnogorskog robota"},"content":{"rendered":"<p><\/p>\n\n\n\n<p>U goste nam sti\u017ee harmonika\u0161 Petar Balaban, koji svoje umije\u0107e usavr\u0161ava na presti\u017enoj Muzi\u010dkoj akademiji \u201cGnjesin\u201d u Moskvi, jednoj od najzna\u010dajnijih muzi\u010dkih institucija u svijetu. Govori\u0107emo o mogu\u0107nostima koje akademija pru\u017ea, koncertima i planovima za naredni period.<\/p>\n\n\n\n<p>Ugosti\u0107emo predstavnike Rva\u010dkog saveza Crne Gore i rva\u010dkog kluba \u201cPerjanik\u201d, Vladana Bakovi\u0107a i Andriju Ra\u0161ovi\u0107a, povodom formiranja nacionalnog rva\u010dkog saveza-doga\u0111aja koji predstavlja istorijsku prekretnicu za crnogorsko rvanje.<\/p>\n\n\n\n<p>Izdvajamo i pri\u010de koje su obilje\u017eile sedmicu za nama, servisne informacije od saobra\u0107aja i\u00a0vremenske prognoze do kulturnih doga\u0111aja i korisnih savjeta.<\/p>\n\n\n\n<p>Vodimo vas\u00a0u svijet zanimljivosti i de\u0161avanja sa svih meridijana. Donosimo vijesti, neobi\u010dne doga\u0111aje i\u00a0 inspirativne pri\u010de koje pokazuju koliko je svijet raznolik i pun iznena\u0111enja.<\/p>\n\n\n\n<p>We are preparing numerous gifts for our viewers.<\/p>\n\n\n\n<p>Watch \"Good Morning, Podgorica\" \u200b\u200bon weekends from 9:00!<\/p>","protected":false},"excerpt":{"rendered":"<p>Crnogorski roboti\u010dari nedavno su\u00a0u\u010destvovali na presti\u017enom takmi\u010denju \u201cGame of the future\u201d iz\u00a0oblasti borbe robota.\u00a0Predstavili su\u00a0robota po imenu Sparkplug, koji je\u00a0te\u017eak oko 107kg i sastavljen od preko 350 dijelova. O Sparkplugovim rezultatima razgovaramo sa mentorkom Biljanom Krivokapi\u0107 i takmi\u010darima Arminom Rebronjom i Ivanom Radevi\u0107em.<\/p>","protected":false},"author":1,"featured_media":940718,"comment_status":"open","ping_status":"open","sticky":false,"template":"","format":"standard","meta":{"_acf_changed":false,"footnotes":"","jetpack_publicize_message":"","jetpack_publicize_feature_enabled":true,"jetpack_social_post_already_shared":false,"jetpack_social_options":{"image_generator_settings":{"template":"highway","default_image_id":0,"font":"","enabled":false},"version":2}},"categories":[9],"tags":[28162,11045,45,28163],"naslovna":[],"class_list":["post-940717","post","type-post","status-publish","format-standard","has-post-thumbnail","hentry","category-drustvo","tag-crnogorski-robot","tag-dobro-juto-podgorice","tag-rezultati","tag-sparklug"],"acf":[],"jetpack_publicize_connections":[],"_links":{"self":[{"href":"https:\/\/gradski.me\/en\/wp-json\/wp\/v2\/posts\/940717","targetHints":{"allow":["GET"]}}],"collection":[{"href":"https:\/\/gradski.me\/en\/wp-json\/wp\/v2\/posts"}],"about":[{"href":"https:\/\/gradski.me\/en\/wp-json\/wp\/v2\/types\/post"}],"author":[{"embeddable":true,"href":"https:\/\/gradski.me\/en\/wp-json\/wp\/v2\/users\/1"}],"replies":[{"embeddable":true,"href":"https:\/\/gradski.me\/en\/wp-json\/wp\/v2\/comments?post=940717"}],"version-history":[{"count":0,"href":"https:\/\/gradski.me\/en\/wp-json\/wp\/v2\/posts\/940717\/revisions"}],"wp:featuredmedia":[{"embeddable":true,"href":"https:\/\/gradski.me\/en\/wp-json\/wp\/v2\/media\/940718"}],"wp:attachment":[{"href":"https:\/\/gradski.me\/en\/wp-json\/wp\/v2\/media?parent=940717"}],"wp:term":[{"taxonomy":"category","embeddable":true,"href":"https:\/\/gradski.me\/en\/wp-json\/wp\/v2\/categories?post=940717"},{"taxonomy":"post_tag","embeddable":true,"href":"https:\/\/gradski.me\/en\/wp-json\/wp\/v2\/tags?post=940717"},{"taxonomy":"naslovna","embeddable":true,"href":"https:\/\/gradski.me\/en\/wp-json\/wp\/v2\/naslovna?post=940717"}],"curies":[{"name":"wp","href":"https:\/\/api.w.org\/{rel}","templated":true}]}}