{"id":940562,"date":"2025-12-25T17:50:00","date_gmt":"2025-12-25T16:50:00","guid":{"rendered":"https:\/\/gradski.me\/uncategorized\/njemacka-dostize-rekordni-deficit-od-ujedinjenja\/"},"modified":"2025-12-25T17:50:00","modified_gmt":"2025-12-25T16:50:00","slug":"njemacka-dostize-rekordni-deficit-od-ujedinjenja","status":"publish","type":"post","link":"https:\/\/gradski.me\/en\/svijet\/njemacka-dostize-rekordni-deficit-od-ujedinjenja\/","title":{"rendered":"Germany hits record deficit since reunification"},"content":{"rendered":"<p><\/p>\n\n\n\n<p>U decembarskoj prognozi, objavljenoj u petak, Bundesbank navodi da \u0107e dr\u017eavni manjkovi kontinuirano rasti i do 2028. godine dosti\u0107i 4,8 odsto bruto doma\u0107eg proizvoda, \u0161to je najvi\u0161i nivo od 1995. godine, kada su deficiti bili na vrhuncu u godinama nakon njema\u010dkog ujedinjenja. O\u010dekuje se da \u0107e u istom periodu porasti i javni dug.<\/p>\n\n\n\n<p>Bundesbank rastu\u0107i deficit prvenstveno povezuje s pove\u0107anom potro\u0161njom za odbranu, kontinuiranom finansijskom podr\u0161kom Ukrajini, velikim infrastrukturnim projektima, poreskim olak\u0161icama i rastom socijalnih davanja.<\/p>\n\n\n\n<p>Prema ocjeni Bundesbanke, aktuelni planovi Berlina da ulo\u017ei stotine milijardi evra u vojsku i infrastrukturu predstavljaju odstupanje od njema\u010dkog \u201epravca fiskalne uzdr\u017eanosti\u201c i, bez korektivnih mjera, ostavili bi zadu\u017eivanje \u201eznatno iznad ograni\u010denja ko\u010dnice duga\u201c. Centralna banka pozvala je na hitne mjere kako bi se javne finansije dr\u017eale pod kontrolom.<\/p>\n\n\n\n<p>Kancelar Fridrih Merc zala\u017ee se za pro\u0161irenje njema\u010dke vojske, izgradnju \u201enajsna\u017enije konvencionalne vojske u Evropi\u201c i nastavak podr\u0161ke Ukraine. Njema\u010dka pomo\u0107 Kijevu mogla bi dosti\u0107i 13,2 milijarde dolara u 2026. godini, prenosi Reuters. Merc je ve\u0107u potro\u0161nju za odbranu opravdao onim \u0161to opisuje kao rusku prijetnju.<\/p>\n\n\n\n<p>Rusija je vi\u0161e puta odbacila takve tvrdnje, isti\u010du\u0107i da nema namjeru da napadne NATO ili Evropsku uniju, te optu\u017euju\u0107i zapadne zvani\u010dnike da navodnu \u201erusku prijetnju\u201c koriste za \u0161irenje straha kako bi opravdali uve\u0107ane vojne bud\u017eete. Ruski ministar vanjskih poslova Sergej Lavrov optu\u017eio je Njema\u010dku i \u0161iru EU da klize ka \u201e\u010cetvrtom rajhu\u201c, obilje\u017eenom rusofobijom i agresivnom militarizacijom.<\/p>\n\n\n\n<p>Berlin se u me\u0111uvremenu suo\u010dava s rastu\u0107im politi\u010dkim nezadovoljstvom, a ankete pokazuju sna\u017eno nezadovoljstvo javnosti Mercom i njegovom koalicionom vladom. Istra\u017eivanje instituta INSA sprovedeno po\u010detkom ovog mjeseca pokazalo je da je 70 odsto ispitanika nezadovoljno radom vladaju\u0107e koalicije, dok je Mercov li\u010dni rejting popularnosti pao na svega 23 odsto. Anketari su naveli da je rije\u010d o \u201enajgorim ocjenama ikada zabilje\u017eenim za jednog kancelara i njegovu vladu\u201c, prenosi\u00a0<a href=\"https:\/\/bankar.me\/clanci\/njemacka-dostize-rekordni-deficit-od-ujedinjenja\/\" target=\"_blank\" rel=\"noreferrer noopener\">Banks<\/a>.<\/p>","protected":false},"excerpt":{"rendered":"<p>Njema\u010dka je na putu da zabilje\u017ei najve\u0107i bud\u017eetski deficit od ujedinjenja, upozorila je centralna banka te zemlje, dok Berlin pove\u0107ava vojnu potro\u0161nju i finansijsku pomo\u0107 Ukrajini.<\/p>","protected":false},"author":1,"featured_media":916124,"comment_status":"open","ping_status":"open","sticky":false,"template":"","format":"standard","meta":{"_acf_changed":false,"footnotes":"","jetpack_publicize_message":"","jetpack_publicize_feature_enabled":true,"jetpack_social_post_already_shared":false,"jetpack_social_options":{"image_generator_settings":{"template":"highway","default_image_id":0,"font":"","enabled":false},"version":2}},"categories":[14],"tags":[673,28089,11977],"naslovna":[],"class_list":["post-940562","post","type-post","status-publish","format-standard","has-post-thumbnail","hentry","category-svijet","tag-njemacka","tag-rekordni-deficit","tag-ujedinjenje"],"acf":[],"jetpack_publicize_connections":[],"_links":{"self":[{"href":"https:\/\/gradski.me\/en\/wp-json\/wp\/v2\/posts\/940562","targetHints":{"allow":["GET"]}}],"collection":[{"href":"https:\/\/gradski.me\/en\/wp-json\/wp\/v2\/posts"}],"about":[{"href":"https:\/\/gradski.me\/en\/wp-json\/wp\/v2\/types\/post"}],"author":[{"embeddable":true,"href":"https:\/\/gradski.me\/en\/wp-json\/wp\/v2\/users\/1"}],"replies":[{"embeddable":true,"href":"https:\/\/gradski.me\/en\/wp-json\/wp\/v2\/comments?post=940562"}],"version-history":[{"count":0,"href":"https:\/\/gradski.me\/en\/wp-json\/wp\/v2\/posts\/940562\/revisions"}],"wp:featuredmedia":[{"embeddable":true,"href":"https:\/\/gradski.me\/en\/wp-json\/wp\/v2\/media\/916124"}],"wp:attachment":[{"href":"https:\/\/gradski.me\/en\/wp-json\/wp\/v2\/media?parent=940562"}],"wp:term":[{"taxonomy":"category","embeddable":true,"href":"https:\/\/gradski.me\/en\/wp-json\/wp\/v2\/categories?post=940562"},{"taxonomy":"post_tag","embeddable":true,"href":"https:\/\/gradski.me\/en\/wp-json\/wp\/v2\/tags?post=940562"},{"taxonomy":"naslovna","embeddable":true,"href":"https:\/\/gradski.me\/en\/wp-json\/wp\/v2\/naslovna?post=940562"}],"curies":[{"name":"wp","href":"https:\/\/api.w.org\/{rel}","templated":true}]}}