{"id":940465,"date":"2025-12-25T11:23:00","date_gmt":"2025-12-25T10:23:00","guid":{"rendered":"https:\/\/gradski.me\/uncategorized\/vladimir-micov-novi-sportski-direktor-galatasaraja\/"},"modified":"2025-12-25T11:23:00","modified_gmt":"2025-12-25T10:23:00","slug":"vladimir-micov-novi-sportski-direktor-galatasaraja","status":"publish","type":"post","link":"https:\/\/gradski.me\/en\/sport\/vladimir-micov-novi-sportski-direktor-galatasaraja\/","title":{"rendered":"Vladimir Micov novi sportski direktor Galatasaraja"},"content":{"rendered":"<p><\/p>\n\n\n\n<p>Micov \u0107e novu funkciju zvani\u010dno preuzeti 12. januara 2026. godine, a u klubu iz Istanbula sada \u0107e doprinositi razvoju ko\u0161arka\u0161ke sekcije u ulozi rukovodioca.<\/p>\n\n\n\n<p>Iz Galatasaraja su poru\u010dili da Micovu \u017eele dobrodo\u0161licu ku\u0107i i mnogo uspjeha u novom izazovu.<\/p>\n\n\n\n<p>Tokom igra\u010dke karijere u \u017euto-crvenom dresu, Micov je ostao upam\u0107en po liderskim sposobnostima, sna\u017enom karakteru i izra\u017eenom osje\u0107aju pripadnosti klubu, a bio je jedan od klju\u010dnih igra\u010da na putu ka istorijskoj tituli u Evrokupu.<\/p>\n\n\n\n<p>Iskusni srpski ko\u0161arka\u0161 nastupao je za brojne velikane evropske ko\u0161arke, me\u0111u kojima su reprezentacija Srbije,&nbsp;<strong>Laboral Ku\u0107a (<\/strong>sada\u0161nja<strong>&nbsp;Baskonija), Budu\u0107nost Voli, Emporio Armani, Crvena zvezda<\/strong>&nbsp;i&nbsp;<strong>CSKA Moskva<\/strong>, grade\u0107i reputaciju pouzdanog i vrhunskog takmi\u010dara na najvi\u0161em nivou.<\/p>\n\n\n\n<p>Nakon \u0161to je 2022. godine zavr\u0161io igra\u010dku karijeru, Micov se posvetio menad\u017eerskom radu, a od po\u010detka sezone 2025\/26 obavljao je funkciju sportskog direktora u<strong>&nbsp;Metalacu<\/strong>.<\/p>\n\n\n\n<p>Sada ga o\u010dekuje novi korak u karijeri i povratak u Galatasaraj, klub u kojem je ostavio dubok trag.<\/p>","protected":false},"excerpt":{"rendered":"<p>Biv\u0161i ko\u0161arka\u0161\u00a0Galatasaraja\u00a0i jedan od arhitekata osvajanja Evrokupa 2016. godine\u00a0Vladimir Micov, imenovan je za sportskog direktora mu\u0161ke ko\u0161arka\u0161ke ekipe iz Istanbula.<\/p>","protected":false},"author":8,"featured_media":940466,"comment_status":"open","ping_status":"open","sticky":false,"template":"","format":"standard","meta":{"_acf_changed":false,"footnotes":"","jetpack_publicize_message":"","jetpack_publicize_feature_enabled":true,"jetpack_social_post_already_shared":false,"jetpack_social_options":{"image_generator_settings":{"template":"highway","default_image_id":0,"font":"","enabled":false},"version":2}},"categories":[15],"tags":[10489,189,28058],"naslovna":[],"class_list":["post-940465","post","type-post","status-publish","format-standard","has-post-thumbnail","hentry","category-sport","tag-galatasaraj","tag-kosarka","tag-micov"],"acf":[],"jetpack_publicize_connections":[],"_links":{"self":[{"href":"https:\/\/gradski.me\/en\/wp-json\/wp\/v2\/posts\/940465","targetHints":{"allow":["GET"]}}],"collection":[{"href":"https:\/\/gradski.me\/en\/wp-json\/wp\/v2\/posts"}],"about":[{"href":"https:\/\/gradski.me\/en\/wp-json\/wp\/v2\/types\/post"}],"author":[{"embeddable":true,"href":"https:\/\/gradski.me\/en\/wp-json\/wp\/v2\/users\/8"}],"replies":[{"embeddable":true,"href":"https:\/\/gradski.me\/en\/wp-json\/wp\/v2\/comments?post=940465"}],"version-history":[{"count":0,"href":"https:\/\/gradski.me\/en\/wp-json\/wp\/v2\/posts\/940465\/revisions"}],"wp:featuredmedia":[{"embeddable":true,"href":"https:\/\/gradski.me\/en\/wp-json\/wp\/v2\/media\/940466"}],"wp:attachment":[{"href":"https:\/\/gradski.me\/en\/wp-json\/wp\/v2\/media?parent=940465"}],"wp:term":[{"taxonomy":"category","embeddable":true,"href":"https:\/\/gradski.me\/en\/wp-json\/wp\/v2\/categories?post=940465"},{"taxonomy":"post_tag","embeddable":true,"href":"https:\/\/gradski.me\/en\/wp-json\/wp\/v2\/tags?post=940465"},{"taxonomy":"naslovna","embeddable":true,"href":"https:\/\/gradski.me\/en\/wp-json\/wp\/v2\/naslovna?post=940465"}],"curies":[{"name":"wp","href":"https:\/\/api.w.org\/{rel}","templated":true}]}}