{"id":940234,"date":"2025-12-24T09:30:45","date_gmt":"2025-12-24T08:30:45","guid":{"rendered":"https:\/\/gradski.me\/uncategorized\/medijska-hobotnica-finansirana-javnim-novcem\/"},"modified":"2025-12-24T09:30:45","modified_gmt":"2025-12-24T08:30:45","slug":"medijska-hobotnica-finansirana-javnim-novcem","status":"publish","type":"post","link":"https:\/\/gradski.me\/en\/drustvo\/medijska-hobotnica-finansirana-javnim-novcem\/","title":{"rendered":"Medijska hobotnica finansirana javnim novcem"},"content":{"rendered":"<p><strong><em>Pi\u0161e: Vojin Gruba\u010d<\/em><\/strong><\/p>\n\n\n\n<p><\/p>\n\n\n\n<p>Jedna od najja\u010dih me\u0111u tim polugama mo\u0107i je medijsko-propagandna infrastruktura koju, prema javnim opa\u017eanjima i dalje \u010dine mediji i organizacije bliske Milu \u0110ukanovi\u0107u i njegovom okru\u017eenju.<\/p>\n\n\n\n<p>Dio tih struktura funkcioni\u0161e kao politi\u010dki aktivisti\u010dki aparat, \u010desto pod pla\u0161tom obrazovnih ili civilnih inicijativa. Upravo se iz tog razloga godinama postavlja pitanje: za\u0161to dr\u017eava nastavlja finansiranje subjekata koji su nastavili da promovi\u0161u interese biv\u0161eg re\u017eima? A sada\u0161nji njegov interes je o\u010dit: nastavak blokiranja institucija dr\u017eave uz nevi\u0111ene medijske hajke na temu identitetskih pitanja.<\/p>\n\n\n\n<p>Medijsko kriminalna hobotnica<\/p>\n\n\n\n<p>Dodatnu te\u017einu ovom pitanju daju i navodi iz optu\u017enice Specijalnog dr\u017eavnog tu\u017eila\u0161tva protiv Aleksandra Mijajlovi\u0107a. Naime, SDT tvrdi da je Mijajlovi\u0107, kao organizator kriminalne grupe, formalno ili neformalno uticao na ure\u0111iva\u010dku politiku vi\u0161e medija \u2014 uklju\u010duju\u0107i M-portal, ETV portal, CDM, Standard, Analitiku i Antenu M \u2014 koriste\u0107i ih za prikupljanje informacija, kreiranje javnog mnjenja i ostvarivanje nezakonite dobiti i uticaja.<\/p>\n\n\n\n<p>U nastavku optu\u017enice se navodi da je cilj takve medijske mre\u017ee bio suzbijanje konkurencije, kao i li\u010dne i profesionalne diskreditacije svih lica, vjerskih, politi\u010dkih i privrednih organizacija, \u010dije je djelovanje u suprotnosti sa ciljevima i interesima kriminalne organizacije.<\/p>\n\n\n\n<p>I pored toga, dr\u017eavne institucije su nastavile da izda\u0161no finansiraju pojedine od ovih medija ili njima bliske organizacije. Agencija za audiovizuelne medijske usluge je tako u junu ove godine dodijelila zna\u010dajna sredstva: televiziji E i Vijestima po 176.000 evra, a Anteni M 70.000 evra. Istovremeno, Vlada je izdvojila 700.000 evra za FCJK, iako mnogi objektivni analiti\u010dari ukazuju da ta ustanova odavno funkcioni\u0161e kao radikalna politi\u010dko-ideolo\u0161ka platforma, a ne kao obrazovna institucija sa jasnim javnim interesom. Uostalom, to smo vidjeli ovih dana kada su Adnan \u010cirgi\u0107, Aleksandar Radoman i Boban Batri\u0107evi\u0107 u medijskom napadu na direktora Dr\u017eavnog arhiva Crne Gore, sada\u0161nju parlamentarnu ve\u0107inu i vlast nazvali \u201egrupacijom nastalom u aktu protivprirodng bluda staljinizma i velikosrpskog fa\u0161izma\u201c!? To im se ba\u0161 tako \u010dini? I to se zove sloboda govora za koju se dobijaju stotine hiljda evra iz bud\u017eeta?<\/p>\n\n\n\n<p>Za\u0161to dr\u017eava finansira \u0110ukanovi\u0107eve propagandiste<\/p>\n\n\n\n<p>Klju\u010dno pitanje ostaje: zbog \u010dega dr\u017eava nastavlja da ula\u017ee u aktere za koje se smatra da djeluju suprotno politikama sada\u0161nje ve\u0107ine, dok se istovremeno vrlo malo ula\u017ee u organizacije i pojedince koje bi mogle parirati njihovom malignom uticaju?<\/p>\n\n\n\n<p>Ukoliko nova ve\u0107ina zaista \u017eeli da izgradi odr\u017eiv i pluralisti\u010dki medijski sistem, neophodno je da prestane sa finansiranjem onih koji svoj rad usmjeravaju ka o\u010duvanju interesa biv\u0161e politi\u010dko-ekonomske elite. Umjesto toga, javna sredstva bi trebalo ulagati u razvoj onih struktura koje mogu da se profesionalno i dugoro\u010dno suprotstave uticaju \u0110ukanovi\u0107eve \u201emedijske hobotnice\u201c.<\/p>\n\n\n\n<p>Bez takve strategije, stari centri mo\u0107i nastavi\u0107e da koriste, pored ogromnih resursa koje su poplja\u010dkali, i javne resurse kako bi odr\u017eali svoj kriminalni uticaj \u2014 \u010dak i u politi\u010dkim uslovima u kojima vi\u0161e ne upravljaju dr\u017eavom.<\/p>\n\n\n\n<p><strong><em>(Mi\u0161ljenja i stavovi autora kolumni nijesu nu\u017eno i stavovi redkacije Gradskog portala i RTV Podgorica)<\/em><\/strong><\/p>","protected":false},"excerpt":{"rendered":"<p>Od promjene vlasti 30. avgusta 2020. godine, parlamentarna ve\u0107ina nije sistemski pristupila razgra\u0111ivanju preostalih poluga mo\u0107i biv\u0161eg re\u017eima. Zato ima mnogobrojne probleme, kojih \u0107e u perspektivi imati jo\u0161 vi\u0161e.<\/p>","protected":false},"author":8,"featured_media":940235,"comment_status":"open","ping_status":"open","sticky":false,"template":"","format":"standard","meta":{"_acf_changed":false,"footnotes":"","jetpack_publicize_message":"","jetpack_publicize_feature_enabled":true,"jetpack_social_post_already_shared":false,"jetpack_social_options":{"image_generator_settings":{"template":"highway","default_image_id":0,"font":"","enabled":false},"version":2}},"categories":[9],"tags":[7774,11205],"naslovna":[],"class_list":["post-940234","post","type-post","status-publish","format-standard","has-post-thumbnail","hentry","category-drustvo","tag-grubac","tag-kolumna"],"acf":[],"jetpack_publicize_connections":[],"_links":{"self":[{"href":"https:\/\/gradski.me\/en\/wp-json\/wp\/v2\/posts\/940234","targetHints":{"allow":["GET"]}}],"collection":[{"href":"https:\/\/gradski.me\/en\/wp-json\/wp\/v2\/posts"}],"about":[{"href":"https:\/\/gradski.me\/en\/wp-json\/wp\/v2\/types\/post"}],"author":[{"embeddable":true,"href":"https:\/\/gradski.me\/en\/wp-json\/wp\/v2\/users\/8"}],"replies":[{"embeddable":true,"href":"https:\/\/gradski.me\/en\/wp-json\/wp\/v2\/comments?post=940234"}],"version-history":[{"count":0,"href":"https:\/\/gradski.me\/en\/wp-json\/wp\/v2\/posts\/940234\/revisions"}],"wp:featuredmedia":[{"embeddable":true,"href":"https:\/\/gradski.me\/en\/wp-json\/wp\/v2\/media\/940235"}],"wp:attachment":[{"href":"https:\/\/gradski.me\/en\/wp-json\/wp\/v2\/media?parent=940234"}],"wp:term":[{"taxonomy":"category","embeddable":true,"href":"https:\/\/gradski.me\/en\/wp-json\/wp\/v2\/categories?post=940234"},{"taxonomy":"post_tag","embeddable":true,"href":"https:\/\/gradski.me\/en\/wp-json\/wp\/v2\/tags?post=940234"},{"taxonomy":"naslovna","embeddable":true,"href":"https:\/\/gradski.me\/en\/wp-json\/wp\/v2\/naslovna?post=940234"}],"curies":[{"name":"wp","href":"https:\/\/api.w.org\/{rel}","templated":true}]}}