{"id":940202,"date":"2025-12-24T07:12:00","date_gmt":"2025-12-24T06:12:00","guid":{"rendered":"https:\/\/gradski.me\/uncategorized\/otimaju-drzavno-zemljiste-na-hajli-policija-istrazuje\/"},"modified":"2025-12-24T07:12:00","modified_gmt":"2025-12-24T06:12:00","slug":"otimaju-drzavno-zemljiste-na-hajli-policija-istrazuje","status":"publish","type":"post","link":"https:\/\/gradski.me\/en\/hronika\/otimaju-drzavno-zemljiste-na-hajli-policija-istrazuje\/","title":{"rendered":"Otimaju dr\u017eavno zemlji\u0161te na Hajli, policija istra\u017euje"},"content":{"rendered":"<p>To je Portalu RTCG kazao sagovornik iz policije koji je istakao da \u0107e o svemu biti obavije\u0161teni dr\u017eavni organi Republike Kosovo.<\/p>\n\n\n\n<p>\u201cMi njihovu teritoriju ne diramo, a oni \u0107e morati da po\u0161tuju na\u0161u, i mi \u0107emo sve u\u010diniti da za\u0161titimo dr\u017eavni integritet Crne Gore\u201d, kazao je sagovornik iz policije.<\/p>\n\n\n\n<p>Ro\u017eajska policija podnijela je ju\u010de krivi\u010dnu prijavu protiv dr\u017eavljanina Kosova H.M. zbog sumnje da je izvr\u0161io krivi\u010dno djelo protivpravno zauzimanje zemlji\u0161ta na Hajli. Kako je precizirano, krivi\u010dno djelo izvr\u0161eno je na planini Hajli, u blizini Ski centra \u0160tedim.<\/p>\n\n\n\n<p>\u201cOn je ovo djelo izvr\u0161io na na\u010din \u0161to je na teritoriji Crne Gore, protivpravno zauzeo dr\u017eavno zemlji\u0161te i sagradio objekat bez potrebne gra\u0111evinske dokumentacije\u201d, navodi se u saop\u0161tenju.<\/p>\n\n\n\n<p>Fokus policijskih slu\u017ebenika i njihovog postupanja, kako su naveli u saop\u0161tenju, nastavlja da bude otkrivanje krivi\u010dnih djela iz oblasti koje su definisane kao nacionalni prioriteti i procesuiranje odgovornih lica, a sve u cilju za\u0161tite dr\u017eave, njenih interesa, te li\u010dne i imovinske sigurnosti na\u0161ih gra\u0111ana.<\/p>\n\n\n\n<p>Sagovornik na\u0161eg portala je podsjetio da se sli\u010dna situacija dogodila u oktobru 2019. godine i da su dr\u017eavni organi Crne Gore beskompromisno rije\u0161ili taj slu\u010daj.<\/p>\n\n\n\n<p>\u201cTada je policija na podru\u010dju \u0160tedima otkrila pet objekata na teritoriji Crne Gore koje su napravili dr\u017eavljani Kosova. Poslije toga uslijedila je sveobuhvatna akcija tu\u017eila\u0161tva, inspekcije i policije. Tada je uz asistencuju Specijalne antiterosisti\u010dke jedinice policije (SAJ) izvr\u0161eno ru\u0161enje svih pet objekata\u201d, rekao je na\u0161 sagovornik.<\/p>\n\n\n\n<p>Prema njegovim rije\u010dima granica izme\u0111u Crne Gore i Kosova je jasno definisana i nema nikakve dileme da je i ovog puta kao i 2019. godine do\u0161lo do povrede dr\u017eavnog integriteta Crne Gore.<\/p>\n\n\n\n<p>\u201cTu su planinska sto\u010darska naselja vrlo blizu sa crnogorske, kao sa kosovske strane. Ali granica je jasno definisana i mora se po\u0161tovati. I ovog puta od strane policije je slu\u010daj otkriven, podnijeta krivi\u010dna prijava ODT, i sada \u0107e uslijediti represivne mjere kao i ranije. Svi nadle\u017eni dr\u017eavni organi bi\u0107e uklju\u010deni, i na policiji je da potom pru\u017ei asistenciju prilikom ru\u0161enja objekta koji je sagra\u0111en.<\/p>\n\n\n\n<p>Tu nema nikavog razgovora, mi \u0107emo sve u\u010diniti da sprije\u010dimo ugro\u017eavanje dr\u017eavnog integriteta Crne Gore\u201d, kazao je sagovornik iz policije.<\/p>\n\n\n\n<p>Kako je taj medij ve\u0107 pisao, po\u010dinioci pucnjave na planini Hajli kod Ro\u017eaja, odnosno na novom skijali\u0161tu \u0160tedim, jo\u0161 nijesu otkriveni, iako su u istragu u oba slu\u010daja, iz jula pro\u0161le i avgusta ove godine, uklju\u010deni policajci i Crne Gore i Kosova.<\/p>\n\n\n\n<p>To je Portalu RTCG re\u010deno u Osnovnom dr\u017eavnom tu\u017eila\u0161tvu (ODT) u Ro\u017eajama koje je jo\u0161 tokom prethodnog ljeta formiralo dva predmeta.<\/p>\n\n\n\n<p>Pucnjava za koju se vjeruje da je do\u0161la sa strane Kosova, u kojoj su zabilje\u017eena o\u0161te\u0107enja kabina na ski centru \u0160tedim, dogodila se u julu pro\u0161le, kao i u avgustu ove godine. Vjeruje se, me\u0111utim, da se to dogodilo vi\u0161e puta i ranije.<\/p>\n\n\n\n<p>&#8222;Tih pucnjava je, sva je prilika, bilo i ranije, ali o tome javnost nije obavje\u0161tavana. Da su pucnji do\u0161li sa kosovske strane mogu posvjedo\u010diti i crnogorski grani\u010dni policajci, koji su u jednom incidentu bili vrlo blizu, svega stotinu do dvije stotine metara od mjesta gdje su hici zavr\u0161ili\u201d, kazao je dobro obavije\u0161teni sagovornik iz Ro\u017eaja.<\/p>\n\n\n\n<p>Crnogorska javnost je prvi put o pucnjavama na planini Hajli upoznata u avgustu ove godine, kada se dogodio poslednji incident. Na kosovskoj strani, u neposrednoj blizini granice, nalazi se jedno od vi\u0161e sto\u010darskih naselja.<\/p>\n\n\n\n<p>I ministar unutra\u0161njih poslova Crne Gore Danilo \u0160aranovi\u0107, odgovaraju\u0107i na pitanja poslanika u parlamentu po\u010detkom pro\u0161log mjeseca, rekao je da informacije dobijene od kosovskih vlasti ukazuju da nijesu identifikovani odgovorni za pucnjavu na \u0160tedimu u julu 2024. i avgustu ove godine, kada su iz vatrenog oru\u017eja o\u0161te\u0107ene kabine \u017ei\u010dare na Ski centru Hajla-\u0160tedim.<\/p>\n\n\n\n<p>Sagovornik na\u0161eg portala je tada na pitanje mogu\u0107eg motiva za pucnjavu kazao da bi se to moglo povezati eventualno sa pojedinim dr\u017ealjanima Kosova koji ne priznaju demarkaciju i vrlo precizno razgrani\u010denje izme\u0111u dvije dr\u017eave, koje je odavno zavr\u0161eno.<\/p>\n\n\n\n<p>I slu\u010dajevi uzurpacije crnogorskog dr\u017eavnog zemlji\u0161ta od strane gra\u0111ana Kosova jasno govore o tome da ima dr\u017eavljana Kosova koji to razgranji\u010denje ne po\u0161tuju, iako je grani\u010dna linija vrlo jasna i vrlo precizna, odnosno da ne postoji mogu\u0107nost da je, grade\u0107i objekte na teritoriji Crne Gore, neko to prije \u0161est godina, kao ni sada, u\u010dinio iz neznanja.<\/p>\n\n\n\n<p>Tada je otkriveno da je do objekata, odnosno desetak vikendica koje su izgradili dr\u017eavljani Kosova, bio probijen put u du\u017eini od dva kilometra sa strane Kosova u dubini crnogorske dr\u017eavne teritorije. Izgradnja vikednica 2018. i 2019. godine, i njihovo ru\u0161enje u oktobru 2019. doga\u0111alo se upravo u periodu kada je Vlada Crne Gore najavila da \u0107e na \u0160tedimu graditi moderni ski centar.<\/p>\n\n\n\n<p>Ski centar \u201cHajla \u0160tedim\u201d je ove godine zavr\u0161en i treba da bude zvani\u010dno pu\u0161ten u rad, a ljetos su se, kao \u0161to se de\u0161avalo i ranije, dogovile dvije pucnjave sa teritorije Kosova u kojima su o\u0161te\u0107ene kabine novog skijali\u0161ta.<\/p>","protected":false},"excerpt":{"rendered":"<p>Ju\u010dera\u0161nji doga\u0111aj na planini Hajli kod Ro\u017eaja, kada je otkriveno da je dr\u017eavljanin Kosova uzurpirao zemlji\u0161te na teritoriji Crne Gore, nije izolovan incident, a crnogorska policija \u0107e i ovog puta kao i ranije u\u010diniti sve da za\u0161titi dr\u017eavni integritet.<\/p>","protected":false},"author":18,"featured_media":940108,"comment_status":"open","ping_status":"open","sticky":false,"template":"","format":"standard","meta":{"_acf_changed":false,"footnotes":"","jetpack_publicize_message":"","jetpack_publicize_feature_enabled":true,"jetpack_social_post_already_shared":false,"jetpack_social_options":{"image_generator_settings":{"template":"highway","default_image_id":0,"font":"","enabled":false},"version":2}},"categories":[10],"tags":[19679,174],"naslovna":[],"class_list":["post-940202","post","type-post","status-publish","format-standard","has-post-thumbnail","hentry","category-hronika","tag-hajla","tag-policija"],"acf":[],"jetpack_publicize_connections":[],"_links":{"self":[{"href":"https:\/\/gradski.me\/en\/wp-json\/wp\/v2\/posts\/940202","targetHints":{"allow":["GET"]}}],"collection":[{"href":"https:\/\/gradski.me\/en\/wp-json\/wp\/v2\/posts"}],"about":[{"href":"https:\/\/gradski.me\/en\/wp-json\/wp\/v2\/types\/post"}],"author":[{"embeddable":true,"href":"https:\/\/gradski.me\/en\/wp-json\/wp\/v2\/users\/18"}],"replies":[{"embeddable":true,"href":"https:\/\/gradski.me\/en\/wp-json\/wp\/v2\/comments?post=940202"}],"version-history":[{"count":0,"href":"https:\/\/gradski.me\/en\/wp-json\/wp\/v2\/posts\/940202\/revisions"}],"wp:featuredmedia":[{"embeddable":true,"href":"https:\/\/gradski.me\/en\/wp-json\/wp\/v2\/media\/940108"}],"wp:attachment":[{"href":"https:\/\/gradski.me\/en\/wp-json\/wp\/v2\/media?parent=940202"}],"wp:term":[{"taxonomy":"category","embeddable":true,"href":"https:\/\/gradski.me\/en\/wp-json\/wp\/v2\/categories?post=940202"},{"taxonomy":"post_tag","embeddable":true,"href":"https:\/\/gradski.me\/en\/wp-json\/wp\/v2\/tags?post=940202"},{"taxonomy":"naslovna","embeddable":true,"href":"https:\/\/gradski.me\/en\/wp-json\/wp\/v2\/naslovna?post=940202"}],"curies":[{"name":"wp","href":"https:\/\/api.w.org\/{rel}","templated":true}]}}