{"id":939972,"date":"2025-12-23T06:00:00","date_gmt":"2025-12-23T05:00:00","guid":{"rendered":"https:\/\/gradski.me\/uncategorized\/danas-oblacno-moguce-slabe-padavine\/"},"modified":"2025-12-23T06:00:00","modified_gmt":"2025-12-23T05:00:00","slug":"danas-oblacno-moguce-slabe-padavine","status":"publish","type":"post","link":"https:\/\/gradski.me\/en\/drustvo\/danas-oblacno-moguce-slabe-padavine\/","title":{"rendered":"Danas obla\u010dno, mogu\u0107e slabe padavine"},"content":{"rendered":"<p>Kako je saop\u0161teno iz Zavoda za hidrometeorologiju i seizmologiju, tokom no\u0107i u vi\u0161im planinskim predjelima na sjeveru mogu\u0107 je slab snijeg.<\/p>\n\n\n\n<p>Vjetar \u0107e biti uglavnom slab, na primorju slab do umjeren, tek ponegdje poja\u010dan, jugoisto\u010dni i isto\u010dni.<\/p>\n\n\n\n<p>Jutarnja temperatura vazduha od minus dva do deset, najvi\u0161a dnevna od pet do 17 stepeni.<\/p>\n\n\n\n<p><\/p>","protected":false},"excerpt":{"rendered":"<p>U Crnoj Gori danas \u0107e biti umjereno do potpuno obla\u010dno sa uslovima za slabu mjestimi\u010dnu ki\u0161u, uglavnom u drugom dijelu dana.<\/p>","protected":false},"author":16,"featured_media":921262,"comment_status":"open","ping_status":"open","sticky":false,"template":"","format":"standard","meta":{"_acf_changed":false,"footnotes":"","jetpack_publicize_message":"","jetpack_publicize_feature_enabled":true,"jetpack_social_post_already_shared":false,"jetpack_social_options":{"image_generator_settings":{"template":"highway","default_image_id":0,"font":"","enabled":false},"version":2}},"categories":[9],"tags":[12761,16],"naslovna":[],"class_list":["post-939972","post","type-post","status-publish","format-standard","has-post-thumbnail","hentry","category-drustvo","tag-padavine","tag-vremenska-prognoza"],"acf":[],"jetpack_publicize_connections":[],"_links":{"self":[{"href":"https:\/\/gradski.me\/en\/wp-json\/wp\/v2\/posts\/939972","targetHints":{"allow":["GET"]}}],"collection":[{"href":"https:\/\/gradski.me\/en\/wp-json\/wp\/v2\/posts"}],"about":[{"href":"https:\/\/gradski.me\/en\/wp-json\/wp\/v2\/types\/post"}],"author":[{"embeddable":true,"href":"https:\/\/gradski.me\/en\/wp-json\/wp\/v2\/users\/16"}],"replies":[{"embeddable":true,"href":"https:\/\/gradski.me\/en\/wp-json\/wp\/v2\/comments?post=939972"}],"version-history":[{"count":0,"href":"https:\/\/gradski.me\/en\/wp-json\/wp\/v2\/posts\/939972\/revisions"}],"wp:featuredmedia":[{"embeddable":true,"href":"https:\/\/gradski.me\/en\/wp-json\/wp\/v2\/media\/921262"}],"wp:attachment":[{"href":"https:\/\/gradski.me\/en\/wp-json\/wp\/v2\/media?parent=939972"}],"wp:term":[{"taxonomy":"category","embeddable":true,"href":"https:\/\/gradski.me\/en\/wp-json\/wp\/v2\/categories?post=939972"},{"taxonomy":"post_tag","embeddable":true,"href":"https:\/\/gradski.me\/en\/wp-json\/wp\/v2\/tags?post=939972"},{"taxonomy":"naslovna","embeddable":true,"href":"https:\/\/gradski.me\/en\/wp-json\/wp\/v2\/naslovna?post=939972"}],"curies":[{"name":"wp","href":"https:\/\/api.w.org\/{rel}","templated":true}]}}