{"id":939673,"date":"2025-12-21T15:07:00","date_gmt":"2025-12-21T14:07:00","guid":{"rendered":"https:\/\/gradski.me\/uncategorized\/granicna-policija-uhapsila-dva-albanska-drzavljanina-zbog-krijumcarenja-cigareta-i-duvana\/"},"modified":"2025-12-21T15:07:00","modified_gmt":"2025-12-21T14:07:00","slug":"granicna-policija-uhapsila-dva-albanska-drzavljanina-zbog-krijumcarenja-cigareta-i-duvana","status":"publish","type":"post","link":"https:\/\/gradski.me\/en\/hronika\/granicna-policija-uhapsila-dva-albanska-drzavljanina-zbog-krijumcarenja-cigareta-i-duvana\/","title":{"rendered":"Grani\u010dna policija uhapsila dva albanska dr\u017eavljanina zbog krijum\u010darenja cigareta i duvana"},"content":{"rendered":"<p>&#8222;Policijski slu\u017ebenici su na grani\u010dnom prelazu Bo\u017eaj kontrolisali <strong>I.K.<\/strong>, dr\u017eavljanina Republike Albanije, koji je upravljao vozilom marke Mercedes, albanskih registarskih oznaka. Prilikom kontrole na drugoj liniji grani\u010dnih provjera, u prtlja\u017eniku vozila kojim je upravljao I.K. prona\u0111eno je <strong>15 pakovanja rezanog duvana mase oko 7,5 kilograma<\/strong>, skrivenih u ve\u0107oj plasti\u010dnoj posudi&#8220;, saop\u0161tili su iz policije.<\/p>\n\n\n\n<p>Kako navode, na istom grani\u010dnom prelazu kontrolisan je jo\u0161 jedan albanski dr\u017eavljanin \u2013 B.P, a izvr\u0161en je detaljan pregled vozila marke Volkswagen, albanskih registarskih oznaka, kojim je imenovani upravljao. Tom prilikom je u prtlja\u017eniku vozila prona\u0111eno <strong>260 paklica cigareta<\/strong>, bez akciznih markica, koje imenovani nije prijavio nadle\u017enim organima.<\/p>\n\n\n\n<p>&#8222;Po okon\u010danju slu\u017ebenih mjera i radnji, postupaju\u0107i tu\u017eilac u Osnovnom dr\u017eavnom tu\u017eila\u0161tvu u Podgorici je nalo\u017eio da se <strong>I.K. i B.P. li\u0161e slobode<\/strong> zbog sumnje da su po\u010dinili krivi\u010dna djela <strong>krijum\u010darenja<\/strong>\", the statement said.<\/p>\n\n\n\n<p>Slu\u017ebenici grani\u010dne policije su, dodaju, preduzetim aktivnostima, <strong>u proteklih 24 \u010dasa, procesuirali \u010detiri lica od \u010dega tri strana dr\u017eavljanina <\/strong>kod kojih je zaplijenjeno oko 315 kilograma rezanog duvana i 260 paklica cigareta.<\/p>\n\n\n\n<p>&#8222;Uprava policije \u0107e, u okviru svojih nadle\u017enosti, nastaviti sa sprovo\u0111enjem planskih i koordinisanih aktivnosti usmjerenih na suzbijanje sive ekonomije i spre\u010davanje krijum\u010darenja akciznih proizvoda, te borbu protiv svih oblika prekograni\u010dnog kriminala&#8220;, zaklju\u010dluje se u saop\u0161tenju.<\/p>","protected":false},"excerpt":{"rendered":"<p>U nastavku poja\u010danih aktivnosti policijskih slu\u017ebenika Regionalnog centra grani\u010dne policije \u201cCentar\u201d na suzbijanju svih oblika prekograni\u010dnog kriminala sa akcentom na krijum\u010darenje, danas su li\u0161ena slobode dva albanska dr\u017eavljanina osumnji\u010dena za krijum\u010darenje cigareta i duvana, saop\u0161teno je iz Uprave policije (UP9).<\/p>","protected":false},"author":18,"featured_media":915018,"comment_status":"open","ping_status":"open","sticky":false,"template":"","format":"standard","meta":{"_acf_changed":false,"footnotes":"","jetpack_publicize_message":"","jetpack_publicize_feature_enabled":true,"jetpack_social_post_already_shared":false,"jetpack_social_options":{"image_generator_settings":{"template":"highway","default_image_id":0,"font":"","enabled":false},"version":2}},"categories":[10],"tags":[3818,645,693],"naslovna":[],"class_list":["post-939673","post","type-post","status-publish","format-standard","has-post-thumbnail","hentry","category-hronika","tag-albanski-drzavljani","tag-granicna-policija","tag-hapsenje"],"acf":[],"jetpack_publicize_connections":[],"_links":{"self":[{"href":"https:\/\/gradski.me\/en\/wp-json\/wp\/v2\/posts\/939673","targetHints":{"allow":["GET"]}}],"collection":[{"href":"https:\/\/gradski.me\/en\/wp-json\/wp\/v2\/posts"}],"about":[{"href":"https:\/\/gradski.me\/en\/wp-json\/wp\/v2\/types\/post"}],"author":[{"embeddable":true,"href":"https:\/\/gradski.me\/en\/wp-json\/wp\/v2\/users\/18"}],"replies":[{"embeddable":true,"href":"https:\/\/gradski.me\/en\/wp-json\/wp\/v2\/comments?post=939673"}],"version-history":[{"count":0,"href":"https:\/\/gradski.me\/en\/wp-json\/wp\/v2\/posts\/939673\/revisions"}],"wp:featuredmedia":[{"embeddable":true,"href":"https:\/\/gradski.me\/en\/wp-json\/wp\/v2\/media\/915018"}],"wp:attachment":[{"href":"https:\/\/gradski.me\/en\/wp-json\/wp\/v2\/media?parent=939673"}],"wp:term":[{"taxonomy":"category","embeddable":true,"href":"https:\/\/gradski.me\/en\/wp-json\/wp\/v2\/categories?post=939673"},{"taxonomy":"post_tag","embeddable":true,"href":"https:\/\/gradski.me\/en\/wp-json\/wp\/v2\/tags?post=939673"},{"taxonomy":"naslovna","embeddable":true,"href":"https:\/\/gradski.me\/en\/wp-json\/wp\/v2\/naslovna?post=939673"}],"curies":[{"name":"wp","href":"https:\/\/api.w.org\/{rel}","templated":true}]}}