{"id":939655,"date":"2025-12-21T14:53:00","date_gmt":"2025-12-21T13:53:00","guid":{"rendered":"https:\/\/gradski.me\/uncategorized\/devet-medalja-za-kik-boksere-rada-u-zeti\/"},"modified":"2025-12-21T14:53:00","modified_gmt":"2025-12-21T13:53:00","slug":"devet-medalja-za-kik-boksere-rada-u-zeti","status":"publish","type":"post","link":"https:\/\/gradski.me\/en\/sport\/devet-medalja-za-kik-boksere-rada-u-zeti\/","title":{"rendered":"Devet medalja za kik boksere Rada u Zeti"},"content":{"rendered":"<p>Zlatne medalje su osvojili&nbsp;<strong>Sreten Vujisi\u0107<\/strong>&nbsp;i&nbsp;<strong>Luka Bo\u0161kovi\u0107<\/strong>, na drugi stepenik pobjedni\u010dkog postolja popeo se srebrni&nbsp;<strong>Bogdan Bulatovi\u0107<\/strong>, dok su se bronzama okitili&nbsp;<strong>\u0110or\u0111e Stankovi\u0107, Ognjen Ze\u010devi\u0107, Jovan Papi\u0107, Ilija Ad\u017ei\u0107, Filip Globarevi\u0107 i Andrija Kuvelji\u0107.<\/strong><\/p>\n\n\n\n<p><strong>-Sreten Vujisi\u0107 je na ovom takmi\u010denju zablistao, pobjedama u dva me\u010da pokazao je izuzetan talenat i znanje. Svi na\u0161i takmi\u010dari pokazali su kvalitet i potencijal za ostvarivanje vrhunskih rezultata. Jovanu Papi\u0107u je nepravedno oduzeta pobjeda u polufinalnom me\u010du. Luka, Bogdan, Jovan, Andrija, Ilija, Filip, Ognjen i \u0110or\u0111e&nbsp;pokazali su borbenost, sr\u010danost ali to nije dovoljno jer za ostvarivanje uspjeha u sportu je potrebna spartanska disciplina rada na kondiciji i svim drugim nivoima rada. U sportu uspijevaju samo oni koji su strpljivi i koji nau\u010de da iskreno vole rad. \u010cestitam svim takmi\u010darima KBK Rad osvojene medalje, koje su samo motivacija za jo\u0161 ja\u010di rad. Najva\u017eniji cilj sporta su\u0161tinski nije medalja, ve\u0107 upoznavanje sebe i svojih mogu\u0107nosti,<\/strong>&nbsp;rekao je trener KBK Rad mr Veselin Pileti\u0107.<\/p>","protected":false},"excerpt":{"rendered":"<p>Takmi\u010dari Kik boks kluba\u00a0Rad\u00a0imali su uspje\u0161an nastup na\u00a0turniru &#8222;Zeta fight&#8220; u disciplini kik light. U\u010denici trenera mr.\u00a0Veska Pileti\u0107a\u00a0su se okitili sa devet medalja &#8211; dvije zlatne, jednom srebrnom i \u0161est bronzanih i u generalnom plasmanu su zauzeli tre\u0107e mjesto &#8211; iza\u00a0Lov\u0107ena\u00a0sa 13 i\u00a0Albulene 1\u00a0sa deset odli\u010dja.<\/p>","protected":false},"author":7,"featured_media":939656,"comment_status":"open","ping_status":"open","sticky":false,"template":"","format":"standard","meta":{"_acf_changed":false,"footnotes":"","jetpack_publicize_message":"","jetpack_publicize_feature_enabled":true,"jetpack_social_post_already_shared":false,"jetpack_social_options":{"image_generator_settings":{"template":"highway","default_image_id":0,"font":"","enabled":false},"version":2}},"categories":[15],"tags":[27852,27853,27200,27854],"naslovna":[],"class_list":["post-939655","post","type-post","status-publish","format-standard","has-post-thumbnail","hentry","category-sport","tag-zeta-fight","tag-kbk-rad","tag-kik-boks","tag-vesko-piletic"],"acf":[],"jetpack_publicize_connections":[],"_links":{"self":[{"href":"https:\/\/gradski.me\/en\/wp-json\/wp\/v2\/posts\/939655","targetHints":{"allow":["GET"]}}],"collection":[{"href":"https:\/\/gradski.me\/en\/wp-json\/wp\/v2\/posts"}],"about":[{"href":"https:\/\/gradski.me\/en\/wp-json\/wp\/v2\/types\/post"}],"author":[{"embeddable":true,"href":"https:\/\/gradski.me\/en\/wp-json\/wp\/v2\/users\/7"}],"replies":[{"embeddable":true,"href":"https:\/\/gradski.me\/en\/wp-json\/wp\/v2\/comments?post=939655"}],"version-history":[{"count":0,"href":"https:\/\/gradski.me\/en\/wp-json\/wp\/v2\/posts\/939655\/revisions"}],"wp:featuredmedia":[{"embeddable":true,"href":"https:\/\/gradski.me\/en\/wp-json\/wp\/v2\/media\/939656"}],"wp:attachment":[{"href":"https:\/\/gradski.me\/en\/wp-json\/wp\/v2\/media?parent=939655"}],"wp:term":[{"taxonomy":"category","embeddable":true,"href":"https:\/\/gradski.me\/en\/wp-json\/wp\/v2\/categories?post=939655"},{"taxonomy":"post_tag","embeddable":true,"href":"https:\/\/gradski.me\/en\/wp-json\/wp\/v2\/tags?post=939655"},{"taxonomy":"naslovna","embeddable":true,"href":"https:\/\/gradski.me\/en\/wp-json\/wp\/v2\/naslovna?post=939655"}],"curies":[{"name":"wp","href":"https:\/\/api.w.org\/{rel}","templated":true}]}}