{"id":939633,"date":"2025-12-21T13:44:00","date_gmt":"2025-12-21T12:44:00","guid":{"rendered":"https:\/\/gradski.me\/uncategorized\/crveni-krst-cetinje-u-sluzbi-ocuvanja-dostojanstva-starijih\/"},"modified":"2025-12-21T13:44:00","modified_gmt":"2025-12-21T12:44:00","slug":"crveni-krst-cetinje-u-sluzbi-ocuvanja-dostojanstva-starijih","status":"publish","type":"post","link":"https:\/\/gradski.me\/en\/drustvo\/crveni-krst-cetinje-u-sluzbi-ocuvanja-dostojanstva-starijih\/","title":{"rendered":"Crveni krst Cetinje: U slu\u017ebi o\u010duvanja dostojanstva starijih"},"content":{"rendered":"<p><\/p>\n\n\n\n<p>Kako navode, projekat pod nazivom \u201eHolisti\u010dka njega u zajednici za starije i neformalne njegovatelje u Crnoj Gori (HOPE)\u201c finansira austrijsko Savezno ministarstva za rad, socijalna pitanja, zdravlje, njegu i za\u0161titu potro\u0161a\u010da, zapo\u010deo je simboli\u010dno upravo 1. oktobra na Me\u0111unarodni dan starijih.<\/p>\n\n\n\n<p>\u201cOvim projektom formiran je Centar za brigu u zajednici koji starijim osobama i njihovim \u010dlanovima porodice, njegovateljima, olak\u0161ava pristup socijalnoj i medicinskoj podr\u0161ci. Usluge koje se pru\u017eaju u Centru su savjetovanje o ostvarivanju finansijske i pravne podr\u0161ke za dugotrajnu njegu, pomo\u0107 u obavljanju zadataka njege i podr\u0161ke, savjeti o prilago\u0111avanju \u017eivotnog prostora te nabavku i kori\u0161\u0107enje pomagala za njegu\u201d, pi\u0161e u saop\u0161tenju.<\/p>\n\n\n\n<p>Dodaju da se u centru tako\u0111e organizuju mjese\u010dne radionice zdravom starenja, sa ciljem unapre\u0111enja fizi\u010dkog i mentalnog zdravlja starijih osoba.<\/p>\n\n\n\n<p>\u201cPosebna pa\u017enja je posve\u0107ena starijima na seoskom podru\u010dju, za koje se organizju redovne posjete medicinskog osoblja. Kad su u pitanju aktivnosti na seoskom podru\u010dju, va\u017eno je napomenuti da je teritorija Prijestonice Cetinje prili\u010dno velika te da neki od starijih korisnika \u017eive i na 50 km od grada, \u0161to dodatno ote\u017eava redovne posjete naro\u010dito u zimskim mjesecima\u201d, navodi se u saop\u0161tenju.<\/p>\n\n\n\n<p>Kako isti\u010du, sagledavaju\u0107i rezultate nakon dva mjeseca realizacije projekta, sekretar Crvenog krsta Cetinje, <strong>Bo\u017eidar P. Drecuna<\/strong> istakao je da Crveni krst Cetinje u svom dugogodi\u0161njem radu, posebnu pa\u017enju posve\u0107uje aktivnostima brige o starijima tako da je ovaj projekat prilika da se objedine usluge i dodatno unaprijedii program za starije sugra\u0111ane.<\/p>\n\n\n\n<p>\u201cUspostavljanjem Centra za njegu u zajednici, vode\u0107i se principom na kome Crveni krst sa posebnom pa\u017enjom insistira \u2013 o\u010duvanje dostojanstva svakog pojedinca, starijim licima i njihovim neformalnim njegovateljima na Cetinju bi\u0107e olak\u0161ane svakodnevne aktivnosti i omogu\u0107eno aktivno starenje uz sadr\u017eajno i ispunjeno vrijeme\u201c, poru\u010dio je Drecun.<\/p>\n\n\n\n<p>Drecun je posebno istakao i zalaganje Crvenog krsta Crne Gore u oblasti razvoja i unaprije\u0111enja usluga za starije: \u201eIskoristi\u0107u priliku da pohvalim koordinatorku projekta ispred Crvenog krsta Crne Gore, gospo\u0111u <strong>Ivanu Smolovi\u0107,<\/strong> koja je posebno posve\u0107ena unaprije\u0111enju postoje\u0107ih i uspostavljanju inovativnih usluga za starije u Crnoj Gori, i zahvaljuju\u0107i \u010dijim inicijativama brojne lokalne organizacije Crvenog krsta su prepoznate po programima koje sprovode za starije\u201c.<\/p>","protected":false},"excerpt":{"rendered":"<p>Od 1. oktobra Crveni krst Cetinje posredstvom Crvenog krsta Crne Gore, realizuje zna\u010dajan projekat kojim su integrisane razli\u010dite aktivnosti namjenjene starijim sugra\u0111anima i njihovim neformalnim njegovateljima, na gradskom i seoskom podru\u010dju Prijestonice, saop\u0161tili su iz Crvenog krsta.<\/p>","protected":false},"author":16,"featured_media":939634,"comment_status":"open","ping_status":"open","sticky":false,"template":"","format":"standard","meta":{"_acf_changed":false,"footnotes":"","jetpack_publicize_message":"","jetpack_publicize_feature_enabled":true,"jetpack_social_post_already_shared":false,"jetpack_social_options":{"image_generator_settings":{"template":"highway","default_image_id":0,"font":"","enabled":false},"version":2}},"categories":[9],"tags":[118,750],"naslovna":[],"class_list":["post-939633","post","type-post","status-publish","format-standard","has-post-thumbnail","hentry","category-drustvo","tag-cetinje","tag-crveni-krst"],"acf":[],"jetpack_publicize_connections":[],"_links":{"self":[{"href":"https:\/\/gradski.me\/en\/wp-json\/wp\/v2\/posts\/939633","targetHints":{"allow":["GET"]}}],"collection":[{"href":"https:\/\/gradski.me\/en\/wp-json\/wp\/v2\/posts"}],"about":[{"href":"https:\/\/gradski.me\/en\/wp-json\/wp\/v2\/types\/post"}],"author":[{"embeddable":true,"href":"https:\/\/gradski.me\/en\/wp-json\/wp\/v2\/users\/16"}],"replies":[{"embeddable":true,"href":"https:\/\/gradski.me\/en\/wp-json\/wp\/v2\/comments?post=939633"}],"version-history":[{"count":0,"href":"https:\/\/gradski.me\/en\/wp-json\/wp\/v2\/posts\/939633\/revisions"}],"wp:featuredmedia":[{"embeddable":true,"href":"https:\/\/gradski.me\/en\/wp-json\/wp\/v2\/media\/939634"}],"wp:attachment":[{"href":"https:\/\/gradski.me\/en\/wp-json\/wp\/v2\/media?parent=939633"}],"wp:term":[{"taxonomy":"category","embeddable":true,"href":"https:\/\/gradski.me\/en\/wp-json\/wp\/v2\/categories?post=939633"},{"taxonomy":"post_tag","embeddable":true,"href":"https:\/\/gradski.me\/en\/wp-json\/wp\/v2\/tags?post=939633"},{"taxonomy":"naslovna","embeddable":true,"href":"https:\/\/gradski.me\/en\/wp-json\/wp\/v2\/naslovna?post=939633"}],"curies":[{"name":"wp","href":"https:\/\/api.w.org\/{rel}","templated":true}]}}