{"id":939551,"date":"2025-12-20T17:02:47","date_gmt":"2025-12-20T16:02:47","guid":{"rendered":"https:\/\/gradski.me\/uncategorized\/predsjednik-milatovic-urucio-buducnosti-orden-zastave-i-stepena-za-vijek-trajanja\/"},"modified":"2025-12-20T17:02:47","modified_gmt":"2025-12-20T16:02:47","slug":"predsjednik-milatovic-urucio-buducnosti-orden-zastave-i-stepena-za-vijek-trajanja","status":"publish","type":"post","link":"https:\/\/gradski.me\/en\/sport\/predsjednik-milatovic-urucio-buducnosti-orden-zastave-i-stepena-za-vijek-trajanja\/","title":{"rendered":"Predsjednik Milatovi\u0107 uru\u010dio Budu\u0107nosti Orden zastave I stepena za vijek trajanja"},"content":{"rendered":"<p>Predsjednik Milatovi\u0107 je naglasio da ovo odlikovanje pripada generacijama igra\u010da i trenera, njihovim porodicama, navija\u010dima i prijateljima kluba, \u010dija su ljubav i istrajnost, strepnja i nada, stotinu godina gradile Budu\u0107nost.<\/p>\n\n\n\n<p>\u201e<strong>Budu\u0107nost prevazilazi granice sporta, ona je izraz identiteta generacija Podgori\u010dana i Podgori\u010danki, lu\u010da sportskog \u017eara koji ne zna za predaju i simbol na\u0161eg grada. Zato ovo odlikovanje nije nagrada za jedan rezultat, ve\u0107 za \u010ditav jedan vijek borbe, trajanja i vrijednosti<\/strong>\u201c, rekao je Milatovi\u0107, koji je dodao\u2026<\/p>\n\n\n\n<p><strong>\u201cOno je i podsjetnik da Budu\u0107nost pripada slobodi, antifa\u0161izmu i istorijskom pam\u0107enju Podgorice. Od osporavane i zabranjivane Zore, preko heroja Narodnooslobodila\u010dke borbe, \u010duvara dostojanstva u te\u0161kim vremenima, pa do slavnih uspjeha 1965. i 1977. godine \u2013 Budu\u0107nost je uvijek bila ideja koja nad\u017eivljava epohe. Ona je izraz na\u0161eg vrijednosnog sistema, slika nedjelje na stadionu pod Goricom i san podgori\u010dke djece. To je boja ovoga grada, njegova \u017eila kucavica i sastavni dio na\u0161e svakodnevice. Neka ovo odlikovanje bude podstrek za novu zoru i svjetlije dane, za novi sjaj na\u0161e Budu\u0107nosti i uspjehe kojima se svi radujemo<\/strong>\u201c, poru\u010dio je predsjednik Milatovi\u0107.<\/p>\n\n\n\n<p>Delegaciju plavo-bijelih na prijemu kod predsjednika dr\u017eave su \u010dinili predsjednik kluba Boris Spalevi\u0107, predsjednik Skup\u0161tine kluba i legendarni defanzivac Vojislav Vuk\u010devi\u0107, izvr\u0161ni direktor Predrag Ka\u017ei\u0107, te gradona\u010delnik Podgorice Sa\u0161a Mujovi\u0107, predsjednika Skup\u0161tine Glavnog grada Jelena Borovini\u0107 Bojovi\u0107 i zamjenica gradona\u010delnika Podgorice Na\u0111a Ljiljani\u0107, ispred Glavnog grada koji je vlasnik kluba.<\/p>\n\n\n\n<figure class=\"wp-block-image size-full\"><img decoding=\"async\" src=\"https:\/\/rtvpg.me\/wp-content\/uploads\/2025\/12\/Orden-Milatovic-FK-Buducnost-.webp\" alt=\"\" class=\"wp-image-897454\" title=\"\"><figcaption class=\"wp-element-caption\">Photo: FK Buducnost<\/figcaption><\/figure>\n\n\n\n<p>&#8222;A Orden zastave I stepena, dodijeljen povodom 100 godina postojanja, nije samo priznanje klubu \u2014 on je priznanje ljudima. Svima koji su kroz jedan vijek utkivali sebe u njegove boje, grb i ime. Onima koji su sanjali kada je bilo najte\u017ee, koji su vjerovali kada je bilo malo razloga za vjeru, i koji nikada nijesu odustajali.<\/p>\n\n\n\n<p>Odlikovanje pripada legendama kluba koje su ispisale istoriju, trenerima koji su stvarali karakter i pobjedni\u010dki duh, zaposlenima koji su \u010desto daleko od reflektora nosili najve\u0107i teret, i navija\u010dima \u2014 vjernima, strastvenima i postojanima \u2014 bez kojih klub nikada ne bi bio ono \u0161to jeste. Pripada svakom sportisti koji je nosio ovaj dres sa ponosom i svakom \u010dovjeku koji je ime kluba branio djelima.<\/p>\n\n\n\n<figure class=\"wp-block-image size-full\"><img decoding=\"async\" src=\"https:\/\/rtvpg.me\/wp-content\/uploads\/2025\/12\/Orden-FK-Buducnost.webp\" alt=\"\" class=\"wp-image-897455\" title=\"\"><figcaption class=\"wp-element-caption\">Photo: FK Buducnost<\/figcaption><\/figure>\n\n\n\n<p>Priznanje je i zavjet. Ostav\u0161tina za sve koji dolaze poslije nas \u2014 da znaju da nose veliko ime, da po\u0161tuju pro\u0161lost i da budu dostojni onih koji su je stvarali. Da shvate da klub nije samo rezultat, ve\u0107 identitet, emocija i odgovornost. Sa ponosom gledamo unazad, ali jo\u0161 ve\u0107om snagom gledamo naprijed. Jer sto godina traje klub, ali vrijednosti koje je izgradio \u2014 traju zauvijek&#8220;, saop\u0161teno je iz Budu\u0107nosti. <\/p>","protected":false},"excerpt":{"rendered":"<p>Budu\u0107nost je \u2013 na Dan Glavnog grada Podgorice \u2013 odlikovana od strane predsjednika Crne Gore Jakova Milatovi\u0107a Ordenom zastave I stepena povodom 100 godina postojanja kluba. Orden je priznanje za izuzetan dugogodi\u0161nji doprinos kluba razvoju i afirmaciji crnogorskog sporta.<\/p>","protected":false},"author":7,"featured_media":939552,"comment_status":"open","ping_status":"open","sticky":false,"template":"","format":"standard","meta":{"_acf_changed":false,"footnotes":"","jetpack_publicize_message":"","jetpack_publicize_feature_enabled":true,"jetpack_social_post_already_shared":false,"jetpack_social_options":{"image_generator_settings":{"template":"highway","default_image_id":0,"font":"","enabled":false},"version":2}},"categories":[15],"tags":[171,78,5721],"naslovna":[],"class_list":["post-939551","post","type-post","status-publish","format-standard","has-post-thumbnail","hentry","category-sport","tag-fk-buducnost","tag-jakov-milatovic","tag-orden"],"acf":[],"jetpack_publicize_connections":[],"_links":{"self":[{"href":"https:\/\/gradski.me\/en\/wp-json\/wp\/v2\/posts\/939551","targetHints":{"allow":["GET"]}}],"collection":[{"href":"https:\/\/gradski.me\/en\/wp-json\/wp\/v2\/posts"}],"about":[{"href":"https:\/\/gradski.me\/en\/wp-json\/wp\/v2\/types\/post"}],"author":[{"embeddable":true,"href":"https:\/\/gradski.me\/en\/wp-json\/wp\/v2\/users\/7"}],"replies":[{"embeddable":true,"href":"https:\/\/gradski.me\/en\/wp-json\/wp\/v2\/comments?post=939551"}],"version-history":[{"count":0,"href":"https:\/\/gradski.me\/en\/wp-json\/wp\/v2\/posts\/939551\/revisions"}],"wp:featuredmedia":[{"embeddable":true,"href":"https:\/\/gradski.me\/en\/wp-json\/wp\/v2\/media\/939552"}],"wp:attachment":[{"href":"https:\/\/gradski.me\/en\/wp-json\/wp\/v2\/media?parent=939551"}],"wp:term":[{"taxonomy":"category","embeddable":true,"href":"https:\/\/gradski.me\/en\/wp-json\/wp\/v2\/categories?post=939551"},{"taxonomy":"post_tag","embeddable":true,"href":"https:\/\/gradski.me\/en\/wp-json\/wp\/v2\/tags?post=939551"},{"taxonomy":"naslovna","embeddable":true,"href":"https:\/\/gradski.me\/en\/wp-json\/wp\/v2\/naslovna?post=939551"}],"curies":[{"name":"wp","href":"https:\/\/api.w.org\/{rel}","templated":true}]}}