{"id":939453,"date":"2025-12-20T12:09:00","date_gmt":"2025-12-20T11:09:00","guid":{"rendered":"https:\/\/gradski.me\/uncategorized\/siguran-povratak-sa-novogodisnjih-koncerata-u-baru-uz-vanredne-nocne-vozove-zpcg\/"},"modified":"2025-12-20T12:09:00","modified_gmt":"2025-12-20T11:09:00","slug":"siguran-povratak-sa-novogodisnjih-koncerata-u-baru-uz-vanredne-nocne-vozove-zpcg","status":"publish","type":"post","link":"https:\/\/gradski.me\/en\/drustvo\/siguran-povratak-sa-novogodisnjih-koncerata-u-baru-uz-vanredne-nocne-vozove-zpcg\/","title":{"rendered":"Siguran povratak sa novogodi\u0161njih koncerata u Baru uz vanredne no\u0107ne vozove \u017dPCG"},"content":{"rendered":"<p>&#8222;U skladu sa dugogodi\u0161njom saradnjom sa Turisti\u010dkom organizacijom Bar, \u017deljezni\u010dki prevoz Crne Gore AD Podgorica i ove godine obezbje\u0111uje vanredne no\u0107ne polaske vozova iz Bara, kako bi zainteresovani posjetioci koncerata, a posebno mladi ljudi, imali mogu\u0107nost bezbjednog i organizovanog povratka ku\u0107i nakon ve\u010dernjih programa&#8220;, stoji u saop\u0161tenju.<\/p>\n\n\n\n<p>Ova praksa, navode, koju \u017dPCG kontinuirano sprovodi tokom velikih manifestacija, prvenstveno je usmjerena na bezbjednost mladih ljudi, ali i svih posjetilaca koji \u017eele da prazni\u010dna slavlja provedu odgovorno, bez potrebe za vo\u017enjom u kasnim no\u0107nim satima. Voz se i ove godine pozicionira kao pouzdan, komforan i siguran izbor prevoza tokom novogodi\u0161njih praznika.<\/p>\n\n\n\n<p>Vanredni no\u0107ni polasci vozova iz Bara za Podgoricu saobra\u0107a\u0107e <strong>u 02:00 \u010dasa<\/strong>, po zavr\u0161etku koncerata, i to:<\/p>\n\n\n\n<ul class=\"wp-block-list\">\n<li>u no\u0107i izme\u0111u <strong>29\/30. decembra<\/strong>, nakon koncerta <strong>Aleksandre Prijovi\u0107<\/strong>,<\/li>\n\n\n\n<li>u no\u0107i izme\u0111u <strong>30\/31. decembra<\/strong>, nakon koncerata <strong>Nata\u0161e Bekvalac<\/strong> i drugih izvo\u0111a\u010da,<\/li>\n\n\n\n<li>u no\u0107i izme\u0111u <strong>31. decembra \/ 1. januara<\/strong>, nakon do\u010deka Nove godine uz hitove 90-ih,<\/li>\n\n\n\n<li>u no\u0107i izme\u0111u <strong>1.\/2. januara<\/strong>, nakon reprize do\u010deka uz <strong>Zdravka \u010coli\u0107a<\/strong>,<\/li>\n\n\n\n<li>u no\u0107i izme\u0111u <strong>2.\/3. januara<\/strong>, nakon zavr\u0161nog koncerta <strong>Ace Pejovi\u0107a<\/strong>.<\/li>\n<\/ul>\n\n\n\n<p>Posjetioci mogu doputovati u Bar redovnim linijama, uklju\u010duju\u0107i i polazak iz Podgorice u <strong>19:36 ili 22:54 \u010dasova<\/strong>, a povratak nakon koncerata planirati vanrednim vozom.<\/p>\n\n\n\n<p>&#8222;\u017deljezni\u010dki prevoz Crne Gore i ove godine \u0161alje jasnu poruku da vrhunska zabava i dobra organizacija idu ruku pod ruku sa brigom o mladim ljudima, bezbjednosti i brigom o za\u0161titi \u017eivotne sredine&#8220;, zaklju\u010duje se u saop\u0161tenju.<\/p>","protected":false},"excerpt":{"rendered":"<p>Bar \u0107e i ove godine biti u centru novogodi\u0161njih de\u0161avanja, uz pet dana bogatog muzi\u010dkog programa u okviru tradicionalnog Novogodi\u0161njeg happeninga u organizaciji Turisti\u010dke organizacije Bar i Op\u0161tine Bar, koji iz godine u godinu potvr\u0111uje status Bara kao jedne od najpo\u017eeljnijih destinacija za do\u010dek Nove godine, saop\u0161teno je iz \u017deljezni\u010dkog prevoza Crne Gore.<\/p>","protected":false},"author":18,"featured_media":939454,"comment_status":"open","ping_status":"open","sticky":false,"template":"","format":"standard","meta":{"_acf_changed":false,"footnotes":"","jetpack_publicize_message":"","jetpack_publicize_feature_enabled":true,"jetpack_social_post_already_shared":false,"jetpack_social_options":{"image_generator_settings":{"template":"highway","default_image_id":0,"font":"","enabled":false},"version":2}},"categories":[9],"tags":[4068,3728],"naslovna":[],"class_list":["post-939453","post","type-post","status-publish","format-standard","has-post-thumbnail","hentry","category-drustvo","tag-prevoz","tag-zpcg"],"acf":[],"jetpack_publicize_connections":[],"_links":{"self":[{"href":"https:\/\/gradski.me\/en\/wp-json\/wp\/v2\/posts\/939453","targetHints":{"allow":["GET"]}}],"collection":[{"href":"https:\/\/gradski.me\/en\/wp-json\/wp\/v2\/posts"}],"about":[{"href":"https:\/\/gradski.me\/en\/wp-json\/wp\/v2\/types\/post"}],"author":[{"embeddable":true,"href":"https:\/\/gradski.me\/en\/wp-json\/wp\/v2\/users\/18"}],"replies":[{"embeddable":true,"href":"https:\/\/gradski.me\/en\/wp-json\/wp\/v2\/comments?post=939453"}],"version-history":[{"count":0,"href":"https:\/\/gradski.me\/en\/wp-json\/wp\/v2\/posts\/939453\/revisions"}],"wp:featuredmedia":[{"embeddable":true,"href":"https:\/\/gradski.me\/en\/wp-json\/wp\/v2\/media\/939454"}],"wp:attachment":[{"href":"https:\/\/gradski.me\/en\/wp-json\/wp\/v2\/media?parent=939453"}],"wp:term":[{"taxonomy":"category","embeddable":true,"href":"https:\/\/gradski.me\/en\/wp-json\/wp\/v2\/categories?post=939453"},{"taxonomy":"post_tag","embeddable":true,"href":"https:\/\/gradski.me\/en\/wp-json\/wp\/v2\/tags?post=939453"},{"taxonomy":"naslovna","embeddable":true,"href":"https:\/\/gradski.me\/en\/wp-json\/wp\/v2\/naslovna?post=939453"}],"curies":[{"name":"wp","href":"https:\/\/api.w.org\/{rel}","templated":true}]}}