{"id":939430,"date":"2025-12-20T09:49:00","date_gmt":"2025-12-20T08:49:00","guid":{"rendered":"https:\/\/gradski.me\/uncategorized\/scepanovic-urucio-rjesenje-o-rasporedjivanju-vicesampionu-svijeta-u-kik-boksu-nemanji-cadjenovicu\/"},"modified":"2025-12-20T09:49:00","modified_gmt":"2025-12-20T08:49:00","slug":"scepanovic-urucio-rjesenje-o-rasporedjivanju-vicesampionu-svijeta-u-kik-boksu-nemanji-cadjenovicu","status":"publish","type":"post","link":"https:\/\/gradski.me\/en\/drustvo\/scepanovic-urucio-rjesenje-o-rasporedjivanju-vicesampionu-svijeta-u-kik-boksu-nemanji-cadjenovicu\/","title":{"rendered":"\u0160\u0107epanovi\u0107 uru\u010dio rje\u0161enje o raspore\u0111ivanju vice\u0161ampionu svijeta u kik-boksu Nemanji \u010ca\u0111enovi\u0107u"},"content":{"rendered":"<p>&#8222;Tom prilikom, v.d. direktora Uprave policije je \u010ca\u0111enovi\u0107u donio i uru\u010dio rje\u0161enje o raspore\u0111ivanju u Posebnu jedinicu policije, te naglasio da \u0107e kao pripadnik elitnih jedinica Uprave policije imati dodatnu motivaciju, mogu\u0107nosti i uslove za nesmetano sprovo\u0111enje trena\u017enog procesa&#8220;, navode iz policije.<\/p>\n\n\n\n<p>Istovremeno, dodaju, \u0160\u0107epanovi\u0107 je iskazao zadovoljstvo postignutim rezultatima i uputio \u010destitke \u010ca\u0111enovi\u0107u na izuzetnom sportskom uspjehu, isti\u010du\u0107i da on predstavlja uzoran primjer slu\u017ebenika Uprave policije i dostojnog reprezentanta dr\u017eave Crne Gore na me\u0111unarodnoj sceni.<\/p>\n\n\n\n<p>&#8222;V.d. direktora je dao punu podr\u0161ku daljem sportskom i profesionalnom anga\u017emanu Nemanje \u010ca\u0111enovi\u0107a, naglasiv\u0161i da \u0107e Uprava policije i u narednom periodu pru\u017eati neophodnu podr\u0161ku njegovom razvoju&#8220;, stoji u saop\u0161tenju.<\/p>\n\n\n\n<p>Osim toga, zaklju\u010duju iz policije, na sastanku je istaknuta i va\u017enost promocije sporta, zdravih stilova \u017eivota i uspje\u0161nog predstavljanja Crne Gore kroz rad i rezultate sportista koji su ujedno i pripadnici dr\u017eavnih institucija.<\/p>\n\n\n\n<p><\/p>","protected":false},"excerpt":{"rendered":"<p>V.d. direktora Uprave policije Lazar \u0160\u0107epanovi\u0107 uprili\u010dio je prijem za svr\u0161enog polaznika Policijske akademije koji je zavr\u0161io pripravni\u010dki sta\u017e u Odjeljenju bezbjednosti Podgorica Nemanju \u010ca\u0111enovi\u0107a, a koji je na nedavno odr\u017eanom Svjetskom prvenstvu u kik-boksu u Abu Dabiju osvojio titulu vice\u0161ampiona svijeta, kao i predsjednika Kik-boks saveza Crne Gore Ivana Strugara, nekada\u0161njeg vi\u0161estrukog \u0161ampiona Evrope i svijeta u kik-boksu, saop\u0161teno je iz Uprave policije (UP).<\/p>","protected":false},"author":18,"featured_media":939431,"comment_status":"open","ping_status":"open","sticky":false,"template":"","format":"standard","meta":{"_acf_changed":false,"footnotes":"","jetpack_publicize_message":"","jetpack_publicize_feature_enabled":true,"jetpack_social_post_already_shared":false,"jetpack_social_options":{"image_generator_settings":{"template":"highway","default_image_id":0,"font":"","enabled":false},"version":2}},"categories":[9],"tags":[27200,490,13596],"naslovna":[],"class_list":["post-939430","post","type-post","status-publish","format-standard","has-post-thumbnail","hentry","category-drustvo","tag-kik-boks","tag-lazar-scepanovic","tag-nemanja-cadjenovic"],"acf":[],"jetpack_publicize_connections":[],"_links":{"self":[{"href":"https:\/\/gradski.me\/en\/wp-json\/wp\/v2\/posts\/939430","targetHints":{"allow":["GET"]}}],"collection":[{"href":"https:\/\/gradski.me\/en\/wp-json\/wp\/v2\/posts"}],"about":[{"href":"https:\/\/gradski.me\/en\/wp-json\/wp\/v2\/types\/post"}],"author":[{"embeddable":true,"href":"https:\/\/gradski.me\/en\/wp-json\/wp\/v2\/users\/18"}],"replies":[{"embeddable":true,"href":"https:\/\/gradski.me\/en\/wp-json\/wp\/v2\/comments?post=939430"}],"version-history":[{"count":0,"href":"https:\/\/gradski.me\/en\/wp-json\/wp\/v2\/posts\/939430\/revisions"}],"wp:featuredmedia":[{"embeddable":true,"href":"https:\/\/gradski.me\/en\/wp-json\/wp\/v2\/media\/939431"}],"wp:attachment":[{"href":"https:\/\/gradski.me\/en\/wp-json\/wp\/v2\/media?parent=939430"}],"wp:term":[{"taxonomy":"category","embeddable":true,"href":"https:\/\/gradski.me\/en\/wp-json\/wp\/v2\/categories?post=939430"},{"taxonomy":"post_tag","embeddable":true,"href":"https:\/\/gradski.me\/en\/wp-json\/wp\/v2\/tags?post=939430"},{"taxonomy":"naslovna","embeddable":true,"href":"https:\/\/gradski.me\/en\/wp-json\/wp\/v2\/naslovna?post=939430"}],"curies":[{"name":"wp","href":"https:\/\/api.w.org\/{rel}","templated":true}]}}