{"id":939333,"date":"2025-12-19T15:53:00","date_gmt":"2025-12-19T14:53:00","guid":{"rendered":"https:\/\/gradski.me\/uncategorized\/dizdarevic-nikolic-i-balic-sa-dijasporom-u-njujorku\/"},"modified":"2025-12-19T15:53:00","modified_gmt":"2025-12-19T14:53:00","slug":"dizdarevic-nikolic-i-balic-sa-dijasporom-u-njujorku","status":"publish","type":"post","link":"https:\/\/gradski.me\/en\/politika\/dizdarevic-nikolic-i-balic-sa-dijasporom-u-njujorku\/","title":{"rendered":"Dizdarevi\u0107, Nikoli\u0107 i Bali\u0107 sa dijasporom u Njujorku"},"content":{"rendered":"<p><\/p>\n\n\n\n<p><\/p>\n\n\n\n<p><\/p>\n\n\n\n<p><\/p>\n\n\n\n<p>\u201cDizdarevi\u0107, Nikoli\u0107 i Bali\u0107 \u0107e, zajedno sa velikim brojem donatora, simpatizera i \u010dlanova Fondacije, diplomatskih predstavnika Crne Gore u SAD-u, kao i predstavnika institucija relevantnih za rad sa dijasporom i partnerskih udru\u017eenja Fondacije, prisustvovati jubilarnoj 20. Donatorskoj ve\u010deri koja \u0107e biti uprili\u010dena 20. decembra, na kojoj \u0107e biti predstavljeni rezultati rada, a fokus usmjeren na pobolj\u0161anje uslova \u017eivota u Plavu i Gusinju\u201d, naveli su iz DPS-a.<\/p>\n\n\n\n<p>Izme\u0111u ostalog, predstavnici DPS-a \u0107e u\u010destvovati na okruglom stolu pod nazivom \u201cQuo vadis Montenegro?\u201d, gdje \u0107e sa ostalim u\u010desnicima razgovarati o tome kakav je stvarni dru\u0161tveni i politi\u010dki smjer Crne Gore i kakvu ulogu i zna\u010daj ima dijaspora za o\u010duvanje gra\u0111anskog koncepta crnogorskog dru\u0161tva i ekonomski razvoj naro\u010dito na sjeveru zemlje.<\/p>\n\n\n\n<p>\u201cBoravak u Njujorku, delegacija \u0107e iskoristiti za susrete sa brojnim iseljenicima, privrednicima i intelektualcima. Kroz te susrete nastavljamo da njegujemo tradicionalno dobre odnose sa dijasporom, iz osje\u0107aja najdublje zahvalnosti zbog njihove va\u017ene uloge u svim dostignu\u0107ima politike Demokratske partije socijalista, a posebno prilikom obnove nezavisnosti Crne Gore\u201d, zaklju\u010dili su iz te partije.<\/p>","protected":false},"excerpt":{"rendered":"<p>Delegacija Demokratske partije socijalista (DPS) Crne Gore koju \u010dine potpredsjednik\u00a0Abaz Dizdarevi\u0107, \u0161ef Kluba poslanika\u00a0Andrija Nikoli\u0107\u00a0i \u010dlan Predsjedni\u0161tva\u00a0Alen Bali\u0107\u00a0\u0107e narednih dana boraviti u Njujorku na poziv Fondacije Gusinje, saop\u0161tili su iz te partije.<\/p>","protected":false},"author":5,"featured_media":939334,"comment_status":"open","ping_status":"open","sticky":false,"template":"","format":"standard","meta":{"_acf_changed":false,"footnotes":"","jetpack_publicize_message":"","jetpack_publicize_feature_enabled":true,"jetpack_social_post_already_shared":false,"jetpack_social_options":{"image_generator_settings":{"template":"highway","default_image_id":0,"font":"","enabled":false},"version":2}},"categories":[7],"tags":[19789,14815,93],"naslovna":[],"class_list":["post-939333","post","type-post","status-publish","format-standard","has-post-thumbnail","hentry","category-politika","tag-abaz-dizdarevic","tag-alen-balic","tag-andrija-nikolic"],"acf":[],"jetpack_publicize_connections":[],"_links":{"self":[{"href":"https:\/\/gradski.me\/en\/wp-json\/wp\/v2\/posts\/939333","targetHints":{"allow":["GET"]}}],"collection":[{"href":"https:\/\/gradski.me\/en\/wp-json\/wp\/v2\/posts"}],"about":[{"href":"https:\/\/gradski.me\/en\/wp-json\/wp\/v2\/types\/post"}],"author":[{"embeddable":true,"href":"https:\/\/gradski.me\/en\/wp-json\/wp\/v2\/users\/5"}],"replies":[{"embeddable":true,"href":"https:\/\/gradski.me\/en\/wp-json\/wp\/v2\/comments?post=939333"}],"version-history":[{"count":0,"href":"https:\/\/gradski.me\/en\/wp-json\/wp\/v2\/posts\/939333\/revisions"}],"wp:featuredmedia":[{"embeddable":true,"href":"https:\/\/gradski.me\/en\/wp-json\/wp\/v2\/media\/939334"}],"wp:attachment":[{"href":"https:\/\/gradski.me\/en\/wp-json\/wp\/v2\/media?parent=939333"}],"wp:term":[{"taxonomy":"category","embeddable":true,"href":"https:\/\/gradski.me\/en\/wp-json\/wp\/v2\/categories?post=939333"},{"taxonomy":"post_tag","embeddable":true,"href":"https:\/\/gradski.me\/en\/wp-json\/wp\/v2\/tags?post=939333"},{"taxonomy":"naslovna","embeddable":true,"href":"https:\/\/gradski.me\/en\/wp-json\/wp\/v2\/naslovna?post=939333"}],"curies":[{"name":"wp","href":"https:\/\/api.w.org\/{rel}","templated":true}]}}