{"id":939282,"date":"2025-12-19T11:10:59","date_gmt":"2025-12-19T10:10:59","guid":{"rendered":"https:\/\/gradski.me\/uncategorized\/bez-vode-potrosaci-u-ulici-slobode-i-bulevaru-ivana-crnojevica\/"},"modified":"2025-12-19T11:10:59","modified_gmt":"2025-12-19T10:10:59","slug":"bez-vode-potrosaci-u-ulici-slobode-i-bulevaru-ivana-crnojevica","status":"publish","type":"post","link":"https:\/\/gradski.me\/en\/nekategorisano\/bez-vode-potrosaci-u-ulici-slobode-i-bulevaru-ivana-crnojevica\/","title":{"rendered":"Bez vode potro\u0161a\u010di u Ulici slobode i Bulevaru Ivana Crnojevi\u0107a"},"content":{"rendered":"<p><\/p>\n\n\n\n<p><\/p>","protected":false},"excerpt":{"rendered":"<p>Obavje\u0161tavamo potro\u0161a\u010de u Ulici slobode i Bulevaru Ivana Crnojevi\u0107a da \u0107e vodosnabdijevanje biti obustavljeno dana 19.12.2025. godine do 15.00 \u010dasova zbog sanacije kvara na gradskoj vodovodnoj mre\u017ei, saop\u0161teno je Vodovoda i kanalizacija.<\/p>","protected":false},"author":8,"featured_media":939283,"comment_status":"open","ping_status":"open","sticky":false,"template":"","format":"standard","meta":{"_acf_changed":false,"footnotes":"","jetpack_publicize_message":"","jetpack_publicize_feature_enabled":true,"jetpack_social_post_already_shared":false,"jetpack_social_options":{"image_generator_settings":{"template":"highway","default_image_id":0,"font":"","enabled":false},"version":2}},"categories":[27734],"tags":[5233,27767,884],"naslovna":[],"class_list":["post-939282","post","type-post","status-publish","format-standard","has-post-thumbnail","hentry","category-nekategorisano","tag-centar","tag-nema-vode","tag-vodovod"],"acf":[],"jetpack_publicize_connections":[],"_links":{"self":[{"href":"https:\/\/gradski.me\/en\/wp-json\/wp\/v2\/posts\/939282","targetHints":{"allow":["GET"]}}],"collection":[{"href":"https:\/\/gradski.me\/en\/wp-json\/wp\/v2\/posts"}],"about":[{"href":"https:\/\/gradski.me\/en\/wp-json\/wp\/v2\/types\/post"}],"author":[{"embeddable":true,"href":"https:\/\/gradski.me\/en\/wp-json\/wp\/v2\/users\/8"}],"replies":[{"embeddable":true,"href":"https:\/\/gradski.me\/en\/wp-json\/wp\/v2\/comments?post=939282"}],"version-history":[{"count":0,"href":"https:\/\/gradski.me\/en\/wp-json\/wp\/v2\/posts\/939282\/revisions"}],"wp:featuredmedia":[{"embeddable":true,"href":"https:\/\/gradski.me\/en\/wp-json\/wp\/v2\/media\/939283"}],"wp:attachment":[{"href":"https:\/\/gradski.me\/en\/wp-json\/wp\/v2\/media?parent=939282"}],"wp:term":[{"taxonomy":"category","embeddable":true,"href":"https:\/\/gradski.me\/en\/wp-json\/wp\/v2\/categories?post=939282"},{"taxonomy":"post_tag","embeddable":true,"href":"https:\/\/gradski.me\/en\/wp-json\/wp\/v2\/tags?post=939282"},{"taxonomy":"naslovna","embeddable":true,"href":"https:\/\/gradski.me\/en\/wp-json\/wp\/v2\/naslovna?post=939282"}],"curies":[{"name":"wp","href":"https:\/\/api.w.org\/{rel}","templated":true}]}}