{"id":939280,"date":"2025-12-19T13:10:00","date_gmt":"2025-12-19T12:10:00","guid":{"rendered":"https:\/\/gradski.me\/uncategorized\/kulic-ratkovic-vrsnjacko-nasilje-nije-izolovan-incident-vec-slozen-drustveni-fenomen\/"},"modified":"2025-12-19T13:10:00","modified_gmt":"2025-12-19T12:10:00","slug":"kulic-ratkovic-vrsnjacko-nasilje-nije-izolovan-incident-vec-slozen-drustveni-fenomen","status":"publish","type":"post","link":"https:\/\/gradski.me\/en\/drustvo\/kulic-ratkovic-vrsnjacko-nasilje-nije-izolovan-incident-vec-slozen-drustveni-fenomen\/","title":{"rendered":"Kuli\u0107 Ratkovi\u0107: Vr\u0161nja\u010dko nasilje nije izolovan incident, ve\u0107 slo\u017een dru\u0161tveni fenomen"},"content":{"rendered":"<p>Forum je okupio stru\u010dnjake iz obrazovnog sistema i sistema socijalne i dje\u010dje za\u0161tite, predstavnice i predstavnike Ministarstva prosvjete, nauke i inovacija, relevantnih institucija i nevladinih organizacija, direktorice i direktore, stru\u010dne saradnice i saradnike iz obrazovno-vaspitnih ustanova, kao i direktorice i direktore dnevnih centara i centara za socijalni rad iz svih regija Crne Gore.<\/p>\n\n\n\n<p>Forum su otvorile i u uvodnom dijelu prisutne pozdravile Raba Hod\u017ei\u0107, direktorica Zavoda za \u0161kolstvo i Ana Kuli\u0107 Ratkovi\u0107, direktorica Zavoda za socijalnu i dje\u010dju za\u0161titu. Direktorica Raba Hod\u017ei\u0107 je u svom obra\u0107anju istakla da vr\u0161nja\u010dko nasilje nije samo profesionalni izazov, ve\u0107 i duboko dru\u0161tveno pitanje koje zahtijeva pa\u017enju, razumijevanje, pravovremenu reakciju i, iznad svega, zajedni\u0161tvo. Naglasila je da Zavod za \u0161kolstvo ostaje sna\u017eno posve\u0107en razvoju preventivnih mehanizama u \u0161kolama, ja\u010danju kompetencija nastavnika i nastavnica i stru\u010dnih saradnica i saradnika, kao i njegovanju \u0161kolskog okru\u017eenja u kojem se razvija osje\u0107aj pripadnosti, sigurnosti, me\u0111usobnog po\u0161tovanja i uva\u017eavanja razli\u010ditosti.<\/p>\n\n\n\n<p>&#8222;Vr\u0161nja\u010dko nasilje nije izolovan incident, ve\u0107 slo\u017een dru\u0161tveni fenomen koji zahtijeva multisektorski pristup i trajnu posve\u0107enost svih relevantnih aktera \u2013 obrazovnih, socijalnih i zdravstvenih ustanova, kao i porodice i zajednice u cjelini&#8220;, poru\u010dila  je direktorica  Ana Kuli\u0107 Ratkovi\u0107.<\/p>\n\n\n\n<p>U prvom segmentu programa, Ivana Milunovi\u0107, savjetnica u Odsjeku za istra\u017eivanje i razvoj obrazovnog sistema u Zavodu za \u0161kolstvo, govorila je o aktivnostima Zavoda za \u0161kolstvo usmjerenim na prevenciju svih pojavnih oblika vr\u0161nja\u010dkog nasilja u obrazovno-vaspitnim ustanovama, kao i o aktivnostima koje Zavod sprovodi nakon prijave vr\u0161nja\u010dkog nasilja. Ivana Ra\u0161\u010danin Radi\u0107evi\u0107, konsultantkinja za pitanja vr\u0161nja\u010dkog nasilja, govorila je o fenomenu vr\u0161nja\u010dkog nasilja, njegovom jasnom razlikovanju u odnosu na druge oblike nasilja i konflikte me\u0111u djecom, kao i o klju\u010dnim karakteristikama koje ovaj fenomen \u010dine posebno osjetljivim iz ugla prava djeteta.<\/p>\n\n\n\n<p>Pedago\u0161kinja dr Marija Dragani\u0107 Vulanovi\u0107 govorila je o prevenciji vr\u0161nja\u010dkog nasilja u \u0161kolama, sa posebnim akcentom na ulogu \u0161kole u razvoju socio-emocionalnih kompetencija u\u010denika i u\u010denica kroz vr\u0161nja\u010dku edukaciju i saradnju sa institucijama. Jelena Manojlovi\u0107, supervizorka i voditeljka slu\u010daja u Centru za socijalni rad za Glavni grad Podgorica ukazala je na ulogu centara za socijalni rad i va\u017enost me\u0111usektorske saradnje u za\u0161titi djece i mladih.<\/p>\n\n\n\n<p>Drugi segment programa bio je posve\u0107en vr\u0161nja\u010dkom nasilju nad djecom sa posebnim obrazovnim potrebama. Anita Mari\u0107, savjetnica za inkluzivno obrazovanje u Zavodu za \u0161kolstvo je govorila o izazovima i polo\u017eaju djece sa smetnjama u razvoju u situacijama vr\u0161nja\u010dkog nasilja i formama prevencije, dok se Olga Rov\u010danin, direktorica Dnevnog centra za djecu i omladinu sa smetnjama i te\u0161ko\u0107ama u razvoju osvrnula na vr\u0161nja\u010dko nasilje nad djecom sa smetnjama i te\u0161ko\u0107ama u razvoju, sagledavaju\u0107i ovu temu kroz faktore rizika, ulogu dnevnih centara u prevenciji i za\u0161titi djece, izazove u praksi, kao i zna\u010daj me\u0111uresorne saradnje.<\/p>\n\n\n\n<p>Na kraju, specijalista defektologije \u2013 tiflolog Neda \u0110uki\u0107 govorila je o vr\u0161nja\u010dkom nasilju iz ugla \u010dlanice mobilnog tima Zavoda za \u0161kolstvo, sa posebnim osvrtom na situacije u kojima su u vr\u0161nja\u010dko nasilje uklju\u010dena djeca sa posebnim obrazovnim potrebama.<\/p>\n\n\n\n<p>Doga\u0111aj je moderirala An\u0111ela Kljajevi\u0107, savjetnica za odnose sa javno\u0161\u0107u Zavoda za \u0161kolstvo.<\/p>\n\n\n\n<p>Nakon izlaganja, otvorena je konstruktivna diskusija tokom koje su u\u010desnici i u\u010desnice razmjenjivali iskustva, dileme i preporuke, sagledavali izazove i mogu\u0107nosti unapre\u0111enja zajedni\u010dkog djelovanja obrazovnog i sistema socijalne i dje\u010dje za\u0161tite, sa ciljem ja\u010danja sigurnog, inkluzivnog i podr\u017eavaju\u0107eg okru\u017eenja za svu djecu i mlade u Crnoj Gori.<\/p>","protected":false},"excerpt":{"rendered":"<p>Forum \u201eZajedno protiv vr\u0161nja\u010dkog nasilja \u2013 prevencija i intervencija: perspektiva obrazovnog i sistema socijalne i dje\u010dje za\u0161tite\u201c odr\u017ean je u organizaciji Zavoda za \u0161kolstvo i Zavoda za dje\u010dju i socijalnu za\u0161titu, sa ciljem ja\u010danja me\u0111uinstitucionalne saradnje i unapre\u0111enja preventivnih mehanizama u za\u0161titi djece i mladih.<\/p>","protected":false},"author":4,"featured_media":939281,"comment_status":"open","ping_status":"open","sticky":false,"template":"","format":"standard","meta":{"_acf_changed":false,"footnotes":"","jetpack_publicize_message":"","jetpack_publicize_feature_enabled":true,"jetpack_social_post_already_shared":false,"jetpack_social_options":{"image_generator_settings":{"template":"highway","default_image_id":0,"font":"","enabled":false},"version":2}},"categories":[9],"tags":[188,7058,610,5908],"naslovna":[],"class_list":["post-939280","post","type-post","status-publish","format-standard","has-post-thumbnail","hentry","category-drustvo","tag-crna-gora","tag-forum","tag-mpni","tag-vrsnjacko-nasilje-2"],"acf":[],"jetpack_publicize_connections":[],"_links":{"self":[{"href":"https:\/\/gradski.me\/en\/wp-json\/wp\/v2\/posts\/939280","targetHints":{"allow":["GET"]}}],"collection":[{"href":"https:\/\/gradski.me\/en\/wp-json\/wp\/v2\/posts"}],"about":[{"href":"https:\/\/gradski.me\/en\/wp-json\/wp\/v2\/types\/post"}],"author":[{"embeddable":true,"href":"https:\/\/gradski.me\/en\/wp-json\/wp\/v2\/users\/4"}],"replies":[{"embeddable":true,"href":"https:\/\/gradski.me\/en\/wp-json\/wp\/v2\/comments?post=939280"}],"version-history":[{"count":0,"href":"https:\/\/gradski.me\/en\/wp-json\/wp\/v2\/posts\/939280\/revisions"}],"wp:featuredmedia":[{"embeddable":true,"href":"https:\/\/gradski.me\/en\/wp-json\/wp\/v2\/media\/939281"}],"wp:attachment":[{"href":"https:\/\/gradski.me\/en\/wp-json\/wp\/v2\/media?parent=939280"}],"wp:term":[{"taxonomy":"category","embeddable":true,"href":"https:\/\/gradski.me\/en\/wp-json\/wp\/v2\/categories?post=939280"},{"taxonomy":"post_tag","embeddable":true,"href":"https:\/\/gradski.me\/en\/wp-json\/wp\/v2\/tags?post=939280"},{"taxonomy":"naslovna","embeddable":true,"href":"https:\/\/gradski.me\/en\/wp-json\/wp\/v2\/naslovna?post=939280"}],"curies":[{"name":"wp","href":"https:\/\/api.w.org\/{rel}","templated":true}]}}