{"id":939218,"date":"2025-12-13T08:48:00","date_gmt":"2025-12-13T07:48:00","guid":{"rendered":"https:\/\/gradski.me\/uncategorized\/knezevic-tuzilac-milic-kod-mene-u-zeti-pojeo-plecku-praseta-pa-kasnije-potpisao-zalbu-za-drzavni-udar\/"},"modified":"2025-12-13T08:48:00","modified_gmt":"2025-12-13T07:48:00","slug":"knezevic-tuzilac-milic-kod-mene-u-zeti-pojeo-plecku-praseta-pa-kasnije-potpisao-zalbu-za-drzavni-udar","status":"publish","type":"post","link":"https:\/\/gradski.me\/en\/nekategorisano\/knezevic-tuzilac-milic-kod-mene-u-zeti-pojeo-plecku-praseta-pa-kasnije-potpisao-zalbu-za-drzavni-udar\/","title":{"rendered":"Kne\u017eevi\u0107: Tu\u017eilac Mili\u0107 kod mene u Zeti pojeo ple\u0107ku praseta, pa kasnije potpisao \u017ealbu za \u201cdr\u017eavni udar\u201d"},"content":{"rendered":"<p>Lider Demokratske narodne partiej Milan Kne\u017eevi\u0107 u emisiji Fakti kazao je da je \u017ealbu na osloba\u0111aju\u0107u presudu za dr\u017eavni udar pored vrhovnog dr\u017eavnog tu\u017eioca Milorada Markovi\u0107a, potpisao i tu\u017eilac Sini\u0161a Mili\u0107 koji se sprdao na ra\u010dun optu\u017enice Milivoja Katni\u0107a. Kne\u017eevi\u0107 je kazao da je Mili\u0107 to rekao dok je sjedio sa njim u Zeti za Bo\u017ei\u0107 i jeo prase.\u00a0<\/p>\n\n\n\n<p>\u201cJa sad na apelaciji postupak za takozvani dr\u017eavni udar, zbog \u017ealbe koje je naredio tu\u017eilac Markovi\u0107, a potpisali tu\u017eioci Vu\u010dini\u0107 i Mili\u0107. Tu\u017eilac Sini\u0161a Mili\u0107 koji je potpisao ovo, sjedio je sa mnom u Zeti i jeo prase za jedan Bo\u017ei\u0107 i sprdao se na ra\u010dun optu\u017enice Milivoja Katni\u0107a. Nisam ga ja ni zvao na tu ve\u010deru, nego je do\u0161ao sa prijateljem. Onda je mrtav ladan napisao \u017ealbu, a brat drugog tu\u017eioca Vu\u010dini\u0107a tra\u017eio je se u\u010dlani u DNP kako bi ostao na poziciji zamjenika direktora Tr\u017enica i pijaca. \u0160to nije pitao brata \u0161to ide\u0161 kod Kne\u017eevi\u0107a da uzme\u0161 \u010dlansku kartu kad je toliki kriminalac i kad je \u017eelio da izazove krvoproli\u0107e u Crnoj Gori. Ka\u017eem potpuno otvoreno, ja sam ovo njima kazao u sudnici\u201d, naglasio je on.<\/p>\n\n\n\n<p>On je istakao, da je Mili\u0107 pojeo ple\u0107ku praseta i sad je potpisao \u017ealbu na dr\u017eavni udar.<\/p>\n\n\n\n<p>\u201c\u010covjek se sprdao sa Katni\u0107em, govorio je da je \u010dovjek lud, kakva optu\u017enica, ono je zasti\u0111e. Sad je napravio prelom u svom mozgu, ja sad idem na Apelaciju zajedno sa Mandi\u0107em, \u010ca\u0111enovi\u0107 i ulazim u desetu godinu od kad traje ova sudanija nama. Ovo bi samo mi izdr\u017eali i oni nesre\u0107nici iz Srbije. Onda oni meni govore vi ste isti kao DPS, samo vas fotelje interesuju, da su pro\u0161li ono \u0161to i ja, bili bi u ludnici vezani sa dvije luda\u010dke ko\u0161ulje. Stanje u tu\u017eila\u0161tvu nam je minus \u010detiri, a u pravosu\u0111u minus dva\u201d, naglasio je Kne\u017eevi\u0107.<\/p>\n\n\n\n<p>On je istakao da je potreban veting koji treba da sprovede Skup\u0161tina.<\/p>\n\n\n\n<p>\u201cKatni\u0107a je birao Tu\u017eila\u010dki savjet, a Stankovi\u0107a parlament. Stvarno je Katni\u0107 bio tajnovidac, kad je kazao da je njegovoj&nbsp; supruzi bio ponu\u0111en mito od 3000 eura u \u010dokoladi koju nije otvarala, kako je on to vidio.. Mislim da se mnoge stvari treba da se promjene u bezbjednosnom sektoru, mi \u0107emo da vidimo kako \u0107emo da se odnesemo prema Zakonu o ANB-u. Mi imamo \u010detiri poslanika i dva \u010dlana vlade, ova parlamentarna ve\u0107ina je relativno stabilna, postoje izazovi. U slu\u010daju da mi iza\u0111emo iz Vlade, ona \u0107e nastaviti da funkcioni\u0161e\u2026\u201d, rekao je on.<\/p>\n\n\n\n<p>Istakao je i da nikad nije pravio&nbsp; kompromise koje bi uni\u0161tile njegove principe.<\/p>\n\n\n\n<p>\u201cKajem se zbog mnogih odluka u Skup\u0161tini, da mogu da vratim vrijeme ne bih glasao za gospodina Markovi\u0107a\u201d, dodao je Kne\u017eevi\u0107.<\/p>\n\n\n\n<p><strong>Mandi\u0107 najve\u0107i krivac \u0161to je izabran Markovi\u0107<\/strong><\/p>\n\n\n\n<p>\u201cNajve\u0107i krivac \u0161to je izabran gospodin Markovi\u0107 je Andrija Mandi\u0107. Mi smo po\u0161li na sastanak u Vladu i tamo su bili \u010dlanovi koaliciuje i Markovi\u0107 je sjedio na jednoj klupi kao sirak tu\u017eni bez igdje ikog, zgr\u010den. Mi smo mu postavili par pitanja, odgovorio je na pitanja, iza\u0161li smo ispred i ja sam Andriji kazao da ovog \u010dovjeka ne\u0107u da podr\u017eim, ne uliva mi povjerenje i \u010dini mi se da \u0107e da radi isto \u0161to i prethodnici. Svi su i Spaji\u0107 sa njim razgovarali, to i on priznaje\u201d, naveo je Kne\u017eevi\u0107.<\/p>\n\n\n\n<p>On je objasnio da mu je Mandi\u0107 tada ka\u017eao da ne grije\u0161i du\u0161u, te da je Markovi\u0107 do\u0161ao u ukopne cipele i odjelo.<\/p>\n\n\n\n<p>\u201cI ka\u017ee \u010dovjek koji nosi takve cipele mora da bude po\u0161ten. Ja sam zbog tih cipela Markovi\u0107a i \u010dinjenica da je izgledao kao iz pri\u010de \u201cBobilj i dru\u0161kan\u201d odlu\u010dio da mu dam uslovnu podr\u0161ku. Za razliku od ovih, ja sam mu dao uslovnu podr\u0161ku, to pitajte Mandi\u0107a kad do\u0111e u emisiju. Slali su mi emisare ispred ku\u0107e i kancelarije da tra\u017ee da glasamo Markovi\u0107a. Ja ga pozivam da ka\u017ee da li ga je Kne\u017eevi\u0107 pitao za bilo kakav slu\u010daj i uslugu jer je izabran za VDT. Okru\u017eio se Lepom Medenicom kumom Zorana Lazovi\u0107a, Lidijom Vuk\u010devi\u0107 koji je gonio Medojevi\u0107a i funkcionere DF-a, Proti\u0107kom&nbsp; koja se pobila u kafani sa Botunjanima i ga\u0111ala ih pepeljarama, to je haos bio. Ovo ka\u017eem iz punih usta. Tamo je i Tanja Bo\u017eovi\u0107 koja je vodila slu\u010daj protiv Krstovi\u0107a, umjesto da ona bude uhap\u0161ena. Ona je njegov najbli\u017ei saradnik, Markovi\u0107 treba da bude okru\u017een novim tu\u017eiocima\u201d, kazao je on.<\/p>\n\n\n\n<p>Istakao je i da je Suzana Mugo\u0161a glavni inkvizitor u dr\u017eavali.<\/p>\n\n\n\n<p>\u201cNaljutio se moj kom\u0161ija Zoran Piperovi\u0107 iz Mojanovi\u0107a, nisam ja napadao Ranka Ubovi\u0107a, nego tu\u017eila\u0161tvo, uhapsite Suzanu Mugo\u0161u ako je to tako. Mugo\u0161a je stavila advokata Branka An\u0111eli\u0107a na mjere tajnog nadzora 11 mjeseci. U\u0161li su mu u kancelariju u stan 11 mjeseci, pratili su ga fizi\u010dki. Pratili su ga sa mnom jer je sjedio u restoranu sa mnom kad je dobio djecu. Fotografisali ga 11 mjeseci i kad je utvr\u0111eno da nema ni\u0161ta protiv njega, ona je sve uni\u0161tila i izrezala, da ga nije obavjestila. To je za zatvor, slu\u0161a li ovo Sudski savjet. On je pra\u0107en jer je bio advokat Do Kvona, pratili su i mene jer sam sjedio sa njim\u201d, dodao je on.<\/p>\n\n\n\n<p>Kne\u017eevi\u0107 je poru\u010dio i da ne \u017eeli da upravlja tu\u017eila\u0161tvom, ali se pita za\u0161to se ne uhapsi Mugo\u0161a jer je pustila Ranka Ubovi\u0107a.<\/p>\n\n\n\n<p>\u201cOni su pustili Ubovi\u0107a, a u zatvoru dr\u017ee Du\u0161ka Kne\u017eevi\u0107a evo godinu i po dana. Optu\u017ebe koje sumnji\u010de Ubovi\u0107a mnogo su ozbiljne da bi bile za pu\u0161tanje. Oni su rekli da su Mugo\u0161u kaznili, ona je nagra\u0111ena, ona pu\u0161ta i zatvara. Nemam ja ni\u0161ta protiv nje, samo nabrajam \u0161to se radilo..\u201d, istakao je izme\u0111u ostalog.<\/p>\n\n\n\n<p><strong>Katni\u0107 i \u010ca\u0111enovi\u0107 slali pitanja Asadu<\/strong><\/p>\n\n\n\n<p>Kne\u017eevi\u0107 je objasnio da su tuma\u010denja da oni nisu o\u0161te\u0107eni u ovom postupku jer nije bilo izvr\u0161enja djela.<\/p>\n\n\n\n<p>\u201cPodsjeti\u0107u, kada smo mi prvostepeno presu\u0111eni 9. maja, Katni\u0107 je u julu podigao naredbu o istrazi protiv Asada i 10 agenata CIA, MOSAD, FBI, MI6, da su zajedno sa nama i sa dva ira\u010dka dr\u017eavljanina u\u010destvovala u organizovanju dr\u017eavnog udara. Ovdje je ispalo da je bila ozbiljna organizacija koju je on osujetio. Asada su preko advokata Milivoje Katni\u0107 i Sa\u0161a \u010ca\u0111enovi\u0107 kontaktirali da upre prstom u nekog od nas da smo ga koristili za ekstrakciju i evakuaciju i poslali su mu 18 pitanja i 18 odgovora. Asad je rekao da ne zna nikog od ovih ljudi i onda su mu poslali fotografije i odbio je da upre prstom u Kne\u017eevi\u0107a i Mandi\u0107a. Onda su raspisali potjernicu za njim pa je bio uhap\u0161en u Dubaiju. Kasnije su te optu\u017enice bile skinute\u201d, kazao je Kne\u017eevi\u0107.<\/p>\n\n\n\n<p>Ispri\u010dao je i da je jedan tu\u017eilac kad su izvr\u0161ene promjene u tu\u017eila\u0161tvu, u kancelariji Sa\u0161e \u010ca\u0111enovi\u0107a u fajlu \u0161kart na\u0161ao ta pitanja i odgovore.<\/p>\n\n\n\n<p>\u201cDostavio ih je Tu\u017eila\u010dkom savjetu on to odbija\u2026 Me\u0111utim, kad advokat Tomi Kedmen tokom svjedo\u010denja ekstradicije Du\u0161ka Kne\u017eevi\u0107a, saop\u0161tava svoje iskustvo, ne samo sa \u010ca\u0111enovi\u0107em i Katni\u0107em, nego i sa Sr\u0111om Darmanovi\u0107em i Zoranom Pa\u017einom. Sad je formiran predmet protiv Pa\u017eina, \u010ca\u0111enovi\u0107a i Katni\u0107a jer su zloupotrebom polu\u017eaja poku\u0161ali da nanesu nama \u0161tetu. Ja ne mogu da ostvarim uvid u materijale. Oni su tra\u017eili od biv\u0161eg agenta CIA da upre prstom u nas, on je odbio to da uradi, raspisali su potjernicu i poku\u0161ali da mu uni\u0161te \u017eivot. Nema ishoda svega toga jo\u0161 \u010detiri godine\u201d, poru\u010dio je on.<\/p>","protected":false},"excerpt":{"rendered":"<p>Lider Demokratske narodne partiej Milan Kne\u017eevi\u0107 u emisiji Fakti kazao je da je \u017ealbu na osloba\u0111aju\u0107u presudu za dr\u017eavni udar pored vrhovnog dr\u017eavnog tu\u017eioca Milorada Markovi\u0107a, potpisao i tu\u017eilac Sini\u0161a Mili\u0107 koji se sprdao na ra\u010dun optu\u017enice Milivoja Katni\u0107a. Kne\u017eevi\u0107 je kazao da je Mili\u0107 to rekao dok je sjedio sa njim u Zeti za [&hellip;]<\/p>\n","protected":false},"author":1,"featured_media":0,"comment_status":"open","ping_status":"open","sticky":false,"template":"","format":"standard","meta":{"_acf_changed":false,"footnotes":"","jetpack_publicize_message":"","jetpack_publicize_feature_enabled":true,"jetpack_social_post_already_shared":false,"jetpack_social_options":{"image_generator_settings":{"template":"highway","default_image_id":0,"font":"","enabled":false},"version":2}},"categories":[27734],"tags":[],"naslovna":[],"class_list":["post-939218","post","type-post","status-publish","format-standard","hentry","category-nekategorisano"],"acf":[],"jetpack_publicize_connections":[],"_links":{"self":[{"href":"https:\/\/gradski.me\/en\/wp-json\/wp\/v2\/posts\/939218","targetHints":{"allow":["GET"]}}],"collection":[{"href":"https:\/\/gradski.me\/en\/wp-json\/wp\/v2\/posts"}],"about":[{"href":"https:\/\/gradski.me\/en\/wp-json\/wp\/v2\/types\/post"}],"author":[{"embeddable":true,"href":"https:\/\/gradski.me\/en\/wp-json\/wp\/v2\/users\/1"}],"replies":[{"embeddable":true,"href":"https:\/\/gradski.me\/en\/wp-json\/wp\/v2\/comments?post=939218"}],"version-history":[{"count":0,"href":"https:\/\/gradski.me\/en\/wp-json\/wp\/v2\/posts\/939218\/revisions"}],"wp:attachment":[{"href":"https:\/\/gradski.me\/en\/wp-json\/wp\/v2\/media?parent=939218"}],"wp:term":[{"taxonomy":"category","embeddable":true,"href":"https:\/\/gradski.me\/en\/wp-json\/wp\/v2\/categories?post=939218"},{"taxonomy":"post_tag","embeddable":true,"href":"https:\/\/gradski.me\/en\/wp-json\/wp\/v2\/tags?post=939218"},{"taxonomy":"naslovna","embeddable":true,"href":"https:\/\/gradski.me\/en\/wp-json\/wp\/v2\/naslovna?post=939218"}],"curies":[{"name":"wp","href":"https:\/\/api.w.org\/{rel}","templated":true}]}}