{"id":939151,"date":"2026-03-16T13:14:07","date_gmt":"2026-03-16T12:14:07","guid":{"rendered":"https:\/\/gradski.me\/?p=939151"},"modified":"2026-03-16T20:41:52","modified_gmt":"2026-03-16T19:41:52","slug":"kazic-prethodna-godina-je-istorijska-kada-je-rijec-o-crnogorskoj-odbojci","status":"publish","type":"post","link":"https:\/\/gradski.me\/en\/sport\/kazic-prethodna-godina-je-istorijska-kada-je-rijec-o-crnogorskoj-odbojci\/","title":{"rendered":"Ka\u017ei\u0107: The past year was historic when it comes to Montenegrin volleyball"},"content":{"rendered":"<p><\/p>\n\n\n\n<p><\/p>\n\n\n\n<p>Sjednici je prisustvovalo 27 od 32 delegata, a predsjedavao je&nbsp;Milan Franovi\u0107, predsjednik Skup\u0161tine OSCG.<\/p>\n\n\n\n<p>U svom obra\u0107anju delegatima, predsjednik OSCG&nbsp;Nikola Ka\u017ei\u0107 je tokom obrazlaganja izvje\u0161taja o radu OSCG za period jun 2025. \u2013 februar 2026. istakao da \u0107e prethodna godina ostati upisana u stranicama istorije crnogorske odbojke po mnogim dostignu\u0107ima, a rezultatski, sa 2 plasmana na Evropska prvenstva i jednom medaljom sa Balkanskog prvenstva, kao najuspje\u0161nija do sada.<\/p>\n\n\n\n<p>\u201e18 godina nijedna \u017eenska selekcija nije uspijevala da se kroz kvalifikacije plasira na Evropsko prvenstvo, a onda smo u pet mjeseci uspjeli to da uradimo dva puta. U16 reprezentacija je to uradila prva, a nakon toga i ostvarila najbolji rezultat jedne crnogorske selekcije ikada na Evropskom prvenstvu zauzev\u0161i 9. mjesto. Selekcija koja je tokom kvalifikacija i samog EP pobje\u0111ivala Srbiju, Tursku, Gr\u010dku, Rumuniju, Sloveniju, Hrvatsku, Slova\u010dku i druge pokazala je zavidan kvalitet i potencijal i dala svima vjetar u le\u0111a da jo\u0161 vi\u0161e i bolje radimo na stvaranju narednih generacija. Bronza na Balkanskom prvenstvu samo je dodatan pokazatelj kvaliteta ove generacije.\u201c<\/p>\n\n\n\n<p>Ka\u017ei\u0107 je istakao da se veliki uspjeh i najve\u0107a stvar desila u avgustu kada je na\u0161a \u017eenska seniorska reprezentacija uspjela da se po prvi put plasira na veliko takmi\u010denje.<\/p>\n\n\n\n<p>\u201eDvije ubjedljive pobjede i prvo mjesto u grupi obezbijedile su toliko \u010dekani i \u017eeljeni plasman na EP pa \u0107emo u avgustu u Geteborgu biti dio elite, u dru\u0161tvu i najboljih reprezentacija u Evropi.\u201c<\/p>\n\n\n\n<p>Predsjednik Saveza je istakao i da smo na doma\u0107oj sceni imali sjajno finale Kupa Crne Gore u Budvi, sa punom dvoranom i odli\u010dnim utakmicama, sa mnogim renomiranim gostima iz evropske odbojke.\u201eOno \u0161to je posebno va\u017eno i \u0161to je najve\u0107a stvar koje se desila jeste obezbje\u0111ivanje i prvi nastupi na\u0161ih klubova u regionalnoj Mevza ligi.\u201c<\/p>\n\n\n\n<p>Ka\u017ei\u0107 je dodao i da osim toga, Crna Gora je posle dugo godina imala i 3 predstavnika u evropskim takmi\u010denjima, kao i klub koji je nastupio u Balkanskom kupu.<\/p>\n\n\n\n<p>\u201eSve nabrojano jesu zajedni\u010dki uspjesi svih nas, svakod trenera, odbojka\u0161kog radnika, svakog kluba \u2013 zajedno sa Odbojka\u0161kim savezom Crne Gore. Hvala vam na razumijevanju, odli\u010dnim odnosima i zajedni\u010dkom radu\u201c,&nbsp;istakao je Nikola Ka\u017ei\u0107, predsjednik OSCG.<\/p>\n\n\n\n<p>On je kazao i da je OSCG i ove godine pru\u017eio podr\u0161ku talentovanim odbojka\u0161icama i odbojka\u0161ima, pa je u saradnji sa Ministarstvom sporta potpisao osam ugovora o stipendiranju perspektivnih sportista.<\/p>\n\n\n\n<p>\u201eSve ovo ukazuje na izuzetno dinami\u010dnu, napornu, ali i uspje\u0161nu godinu za nama i zato \u017eelim da \u010destitam svim klubovima na izuzetnom doprinosu rezultatima, organizacijama i cjelokupnoj atmosferi koja u poslednje vrijeme \u010dini odbojku najbr\u017ee rastu\u0107im sportom u Crnoj Gori\u201c, zaklju\u010dio je Ka\u017ei\u0107, a njegov izvje\u0161taj o radu sa finansijskim i revizorskim izvje\u0161tajem, kao i godi\u0161nji plan rada i programskih aktivnosti usvojeni su jednoglasno.<\/p>\n\n\n\n<p>Skup\u0161tina je tako\u0111e usvojila izmjene i dopune Pravilnika o Arbitra\u017ei i imenovala&nbsp;Marka Hajdukovi\u0107a&nbsp;za novog \u010dlana Arbitra\u017ene komisije OSCG, koji \u0107e zamijeniti dosada\u0161njeg \u010dlana&nbsp;Nikolinu Ka\u017ei\u0107, koja je tu funkciju obavljala od 2018. godine i kojoj se OSCG ovim putem zahvaljuje na dosada\u0161njem doprinosu radu Arbitra\u017ene komisije.<\/p>\n\n\n\n<p>Nakon zavr\u0161etka Skup\u0161tine, delegati su zajedno prisustvovali finalnim utakmicama Kupa Crne Gore za odbojka\u0161ice i odbojka\u0161e, koje su se odigrale u dvorani \u201cVerde\u201d.<\/p>","protected":false},"excerpt":{"rendered":"<p>Redovna sjednica Skup\u0161tine Odbojka\u0161kog saveza Crne Gore odr\u017eana je u nedjelju, 15. marta u hotelu \u201eVOCO\u201c u Podgorici.<\/p>","protected":false},"author":7,"featured_media":939154,"comment_status":"open","ping_status":"open","sticky":false,"template":"","format":"standard","meta":{"_acf_changed":false,"footnotes":"","jetpack_publicize_message":"","jetpack_publicize_feature_enabled":true,"jetpack_social_post_already_shared":true,"jetpack_social_options":{"image_generator_settings":{"template":"highway","default_image_id":0,"font":"","enabled":false},"version":2}},"categories":[15],"tags":[21327,2977],"naslovna":[],"class_list":["post-939151","post","type-post","status-publish","format-standard","has-post-thumbnail","hentry","category-sport","tag-dobojka","tag-sport"],"acf":[],"jetpack_publicize_connections":[],"_links":{"self":[{"href":"https:\/\/gradski.me\/en\/wp-json\/wp\/v2\/posts\/939151","targetHints":{"allow":["GET"]}}],"collection":[{"href":"https:\/\/gradski.me\/en\/wp-json\/wp\/v2\/posts"}],"about":[{"href":"https:\/\/gradski.me\/en\/wp-json\/wp\/v2\/types\/post"}],"author":[{"embeddable":true,"href":"https:\/\/gradski.me\/en\/wp-json\/wp\/v2\/users\/7"}],"replies":[{"embeddable":true,"href":"https:\/\/gradski.me\/en\/wp-json\/wp\/v2\/comments?post=939151"}],"version-history":[{"count":1,"href":"https:\/\/gradski.me\/en\/wp-json\/wp\/v2\/posts\/939151\/revisions"}],"predecessor-version":[{"id":939155,"href":"https:\/\/gradski.me\/en\/wp-json\/wp\/v2\/posts\/939151\/revisions\/939155"}],"wp:featuredmedia":[{"embeddable":true,"href":"https:\/\/gradski.me\/en\/wp-json\/wp\/v2\/media\/939154"}],"wp:attachment":[{"href":"https:\/\/gradski.me\/en\/wp-json\/wp\/v2\/media?parent=939151"}],"wp:term":[{"taxonomy":"category","embeddable":true,"href":"https:\/\/gradski.me\/en\/wp-json\/wp\/v2\/categories?post=939151"},{"taxonomy":"post_tag","embeddable":true,"href":"https:\/\/gradski.me\/en\/wp-json\/wp\/v2\/tags?post=939151"},{"taxonomy":"naslovna","embeddable":true,"href":"https:\/\/gradski.me\/en\/wp-json\/wp\/v2\/naslovna?post=939151"}],"curies":[{"name":"wp","href":"https:\/\/api.w.org\/{rel}","templated":true}]}}