{"id":939130,"date":"2026-03-16T20:51:00","date_gmt":"2026-03-16T19:51:00","guid":{"rendered":"https:\/\/gradski.me\/?p=939130"},"modified":"2026-03-16T19:19:29","modified_gmt":"2026-03-16T18:19:29","slug":"njemacka-odgovorila-trampu-ovaj-rat-nema-veze-s-nato-om","status":"publish","type":"post","link":"https:\/\/gradski.me\/en\/svijet\/njemacka-odgovorila-trampu-ovaj-rat-nema-veze-s-nato-om\/","title":{"rendered":"Germany responds to Trump: This war has nothing to do with NATO"},"content":{"rendered":"<p><\/p>\n\n\n\n<p><\/p>\n\n\n\n<p>\"This is not a NATO war. NATO is a defensive alliance,\" government spokesman Stefan Kornelius told reporters in Berlin. \"The German government must also clearly assess the situation on Alliance territory and its own position on participation in this war,\" he added.<\/p>\n\n\n\n<p>He stressed that an escalation of the conflict would endanger regional partners. \"Expanding combat operations would carry great risks for other partners in the Middle East and the Gulf,\" he said. The German government has repeatedly stated that it would not participate in a US war against Iran.<\/p>","protected":false},"excerpt":{"rendered":"<p>Njema\u010dka je poru\u010dila da mogu\u0107i ameri\u010dki rat protiv Irana &#8222;nema nikakve veze s NATO-om&#8220;. Iz Vlade su upozorili da bi \u0161irenje borbenih operacija nosilo velike rizike za partnere na Bliskom istoku i u Zalivu, pi\u0161e Anadolu.<\/p>","protected":false},"author":19,"featured_media":916831,"comment_status":"open","ping_status":"open","sticky":false,"template":"","format":"standard","meta":{"_acf_changed":false,"footnotes":"","jetpack_publicize_message":"","jetpack_publicize_feature_enabled":true,"jetpack_social_post_already_shared":true,"jetpack_social_options":{"image_generator_settings":{"template":"highway","default_image_id":0,"font":"","enabled":false},"version":2}},"categories":[14],"tags":[230,1262,673],"naslovna":[],"class_list":["post-939130","post","type-post","status-publish","format-standard","has-post-thumbnail","hentry","category-svijet","tag-donald-tramp","tag-nato","tag-njemacka"],"acf":[],"jetpack_publicize_connections":[],"_links":{"self":[{"href":"https:\/\/gradski.me\/en\/wp-json\/wp\/v2\/posts\/939130","targetHints":{"allow":["GET"]}}],"collection":[{"href":"https:\/\/gradski.me\/en\/wp-json\/wp\/v2\/posts"}],"about":[{"href":"https:\/\/gradski.me\/en\/wp-json\/wp\/v2\/types\/post"}],"author":[{"embeddable":true,"href":"https:\/\/gradski.me\/en\/wp-json\/wp\/v2\/users\/19"}],"replies":[{"embeddable":true,"href":"https:\/\/gradski.me\/en\/wp-json\/wp\/v2\/comments?post=939130"}],"version-history":[{"count":1,"href":"https:\/\/gradski.me\/en\/wp-json\/wp\/v2\/posts\/939130\/revisions"}],"predecessor-version":[{"id":939132,"href":"https:\/\/gradski.me\/en\/wp-json\/wp\/v2\/posts\/939130\/revisions\/939132"}],"wp:featuredmedia":[{"embeddable":true,"href":"https:\/\/gradski.me\/en\/wp-json\/wp\/v2\/media\/916831"}],"wp:attachment":[{"href":"https:\/\/gradski.me\/en\/wp-json\/wp\/v2\/media?parent=939130"}],"wp:term":[{"taxonomy":"category","embeddable":true,"href":"https:\/\/gradski.me\/en\/wp-json\/wp\/v2\/categories?post=939130"},{"taxonomy":"post_tag","embeddable":true,"href":"https:\/\/gradski.me\/en\/wp-json\/wp\/v2\/tags?post=939130"},{"taxonomy":"naslovna","embeddable":true,"href":"https:\/\/gradski.me\/en\/wp-json\/wp\/v2\/naslovna?post=939130"}],"curies":[{"name":"wp","href":"https:\/\/api.w.org\/{rel}","templated":true}]}}