{"id":939087,"date":"2026-03-16T14:00:00","date_gmt":"2026-03-16T13:00:00","guid":{"rendered":"https:\/\/gradski.me\/?p=939087"},"modified":"2026-03-16T11:47:37","modified_gmt":"2026-03-16T10:47:37","slug":"djokovic-ne-igra-u-majamiju","status":"publish","type":"post","link":"https:\/\/gradski.me\/en\/sport\/djokovic-ne-igra-u-majamiju\/","title":{"rendered":"Djokovic not playing in Miami"},"content":{"rendered":"<p><\/p>\n\n\n\n<p><\/p>\n\n\n\n<p><\/p>\n\n\n\n<p>\u0110okovi\u0107 se povukao, jer je povrijedio rame.<\/p>\n\n\n\n<p>Tre\u0107i teniser svijeta je u\u010destvovao na Mastersu u Indijan Velsu, gdje je u osmini finala pora\u017een od D\u017eeka Drejpera.<\/p>\n\n\n\n<p>\u0110okovi\u0107 je Masters u Majamiju osvajao \u0161est puta i po tome je, uz Andrea Agasija, rekorder.<\/p>\n\n\n\n<p>Masters u Majamiju je na programu od 18. do 29. marta.<\/p>","protected":false},"excerpt":{"rendered":"<p>Srpski teniser, Novak \u0110okovi\u0107, povukao se sa Mastersa u Majamiju, saop\u0161tili su organizatori.<\/p>","protected":false},"author":7,"featured_media":935445,"comment_status":"open","ping_status":"open","sticky":false,"template":"","format":"standard","meta":{"_acf_changed":false,"footnotes":"","jetpack_publicize_message":"","jetpack_publicize_feature_enabled":true,"jetpack_social_post_already_shared":true,"jetpack_social_options":{"image_generator_settings":{"template":"highway","default_image_id":0,"font":"","enabled":false},"version":2}},"categories":[15],"tags":[17169,27716],"naslovna":[],"class_list":["post-939087","post","type-post","status-publish","format-standard","has-post-thumbnail","hentry","category-sport","tag-djokovic","tag-sportz"],"acf":[],"jetpack_publicize_connections":[],"_links":{"self":[{"href":"https:\/\/gradski.me\/en\/wp-json\/wp\/v2\/posts\/939087","targetHints":{"allow":["GET"]}}],"collection":[{"href":"https:\/\/gradski.me\/en\/wp-json\/wp\/v2\/posts"}],"about":[{"href":"https:\/\/gradski.me\/en\/wp-json\/wp\/v2\/types\/post"}],"author":[{"embeddable":true,"href":"https:\/\/gradski.me\/en\/wp-json\/wp\/v2\/users\/7"}],"replies":[{"embeddable":true,"href":"https:\/\/gradski.me\/en\/wp-json\/wp\/v2\/comments?post=939087"}],"version-history":[{"count":1,"href":"https:\/\/gradski.me\/en\/wp-json\/wp\/v2\/posts\/939087\/revisions"}],"predecessor-version":[{"id":939090,"href":"https:\/\/gradski.me\/en\/wp-json\/wp\/v2\/posts\/939087\/revisions\/939090"}],"wp:featuredmedia":[{"embeddable":true,"href":"https:\/\/gradski.me\/en\/wp-json\/wp\/v2\/media\/935445"}],"wp:attachment":[{"href":"https:\/\/gradski.me\/en\/wp-json\/wp\/v2\/media?parent=939087"}],"wp:term":[{"taxonomy":"category","embeddable":true,"href":"https:\/\/gradski.me\/en\/wp-json\/wp\/v2\/categories?post=939087"},{"taxonomy":"post_tag","embeddable":true,"href":"https:\/\/gradski.me\/en\/wp-json\/wp\/v2\/tags?post=939087"},{"taxonomy":"naslovna","embeddable":true,"href":"https:\/\/gradski.me\/en\/wp-json\/wp\/v2\/naslovna?post=939087"}],"curies":[{"name":"wp","href":"https:\/\/api.w.org\/{rel}","templated":true}]}}