{"id":939036,"date":"2026-03-16T12:50:00","date_gmt":"2026-03-16T11:50:00","guid":{"rendered":"https:\/\/gradski.me\/?p=939036"},"modified":"2026-03-16T11:37:06","modified_gmt":"2026-03-16T10:37:06","slug":"kampanja-o-znacaju-obrazovanja-djece-re-populacije-u-vaspitno-obrazovnim-ustanovama-u-beranama","status":"publish","type":"post","link":"https:\/\/gradski.me\/en\/drustvo\/kampanja-o-znacaju-obrazovanja-djece-re-populacije-u-vaspitno-obrazovnim-ustanovama-u-beranama\/","title":{"rendered":"Campaign on the importance of education of children of the RE population in educational institutions in Berane"},"content":{"rendered":"<p>\"As part of this campaign, 50 families of the RE population were visited and the importance of education and the enrollment procedure were discussed,\" they said in the statement.<\/p>\n\n\n\n<p>Otherwise, Berane is, as they say, recognized for its preschool education of children of the RE population, with 70 children attending the \"Radmila Nedi\u0107\" kindergarten, while the \"Radomir Mitrovi\u0107\" elementary school has nearly 160 students, and the \"Vuk Karad\u017ei\u0107\" elementary school has 56 students of the RE population.<\/p>\n\n\n\n<p>\"Regarding secondary education, so far 12 people from the RE population from Berane have completed secondary school, two people are completing secondary school part-time, while nearly 10 are attending secondary school regularly. By the way, we are grateful to the Ministry of Education, Science and Innovation, headed by Minister Andjela Jaksi\u0107 Stojanovi\u0107, for recognizing and appreciating the importance of increasing the number of employed mediators, so that children from the RE population have greater support, and it is commendable that a new standard for the profession of mediators has been developed,\" they said in a statement.<\/p>\n\n\n\n<p>In addition to the Ministry of Education, Science and Innovation, as they said, our efforts, as well as the efforts of educational institutions where children of the RE population are educated, are also strongly supported by the Municipality of Berane, headed by President \u0110ole Lutovac, emphasized Executive Director Sultan Be\u0107a.<\/p>\n\n\n\n<p>\"What is very commendable and requires extreme respect is that the Ministry of Education, Science and Innovation is our sincere partner in many initiatives, so we are grateful to both Minister Andjela Jaksi\u0107 Stojanovi\u0107 and her team members Svetlana Drobnjak and Dragan Miju\u0161kovi\u0107. On this occasion, we would also like to thank the Institute for Education of Montenegro, which provides guidance and supports our activities, whose director Raba Hod\u017ei\u0107 visited us on one occasion,\" Be\u0107a concluded in a statement.<\/p>","protected":false},"excerpt":{"rendered":"<p>As part of the project \"Education to Full Integration of the RE Population\", implemented by the NGO \"Association for the Support of Roma and Egyptians\", and financed by the Ministry of Human and Minority Rights, a campaign on the importance of preschool, primary and secondary education in the area of \u200b\u200bthe Municipality of Berane has been carried out in the past two months, the NGO \"Association for the Support of Roma and Egyptians\" announced.<\/p>","protected":false},"author":19,"featured_media":364921,"comment_status":"open","ping_status":"open","sticky":false,"template":"","format":"standard","meta":{"_acf_changed":false,"footnotes":"","jetpack_publicize_message":"","jetpack_publicize_feature_enabled":true,"jetpack_social_post_already_shared":true,"jetpack_social_options":{"image_generator_settings":{"template":"highway","default_image_id":0,"font":"","enabled":false},"version":2}},"categories":[9],"tags":[53,22748,1119],"naslovna":[],"class_list":["post-939036","post","type-post","status-publish","format-standard","has-post-thumbnail","hentry","category-drustvo","tag-berane","tag-egipcani","tag-romi"],"acf":[],"jetpack_publicize_connections":[],"_links":{"self":[{"href":"https:\/\/gradski.me\/en\/wp-json\/wp\/v2\/posts\/939036","targetHints":{"allow":["GET"]}}],"collection":[{"href":"https:\/\/gradski.me\/en\/wp-json\/wp\/v2\/posts"}],"about":[{"href":"https:\/\/gradski.me\/en\/wp-json\/wp\/v2\/types\/post"}],"author":[{"embeddable":true,"href":"https:\/\/gradski.me\/en\/wp-json\/wp\/v2\/users\/19"}],"replies":[{"embeddable":true,"href":"https:\/\/gradski.me\/en\/wp-json\/wp\/v2\/comments?post=939036"}],"version-history":[{"count":1,"href":"https:\/\/gradski.me\/en\/wp-json\/wp\/v2\/posts\/939036\/revisions"}],"predecessor-version":[{"id":939040,"href":"https:\/\/gradski.me\/en\/wp-json\/wp\/v2\/posts\/939036\/revisions\/939040"}],"wp:featuredmedia":[{"embeddable":true,"href":"https:\/\/gradski.me\/en\/wp-json\/wp\/v2\/media\/364921"}],"wp:attachment":[{"href":"https:\/\/gradski.me\/en\/wp-json\/wp\/v2\/media?parent=939036"}],"wp:term":[{"taxonomy":"category","embeddable":true,"href":"https:\/\/gradski.me\/en\/wp-json\/wp\/v2\/categories?post=939036"},{"taxonomy":"post_tag","embeddable":true,"href":"https:\/\/gradski.me\/en\/wp-json\/wp\/v2\/tags?post=939036"},{"taxonomy":"naslovna","embeddable":true,"href":"https:\/\/gradski.me\/en\/wp-json\/wp\/v2\/naslovna?post=939036"}],"curies":[{"name":"wp","href":"https:\/\/api.w.org\/{rel}","templated":true}]}}