{"id":939026,"date":"2026-03-16T10:58:00","date_gmt":"2026-03-16T09:58:00","guid":{"rendered":"https:\/\/gradski.me\/?p=939026"},"modified":"2026-03-16T10:24:43","modified_gmt":"2026-03-16T09:24:43","slug":"zabljak-po-prvi-put-ima-predstavnika-na-paraolimpijadi","status":"publish","type":"post","link":"https:\/\/gradski.me\/en\/sport\/zabljak-po-prvi-put-ima-predstavnika-na-paraolimpijadi\/","title":{"rendered":"\u017dabljak has a representative at the Paralympics for the first time"},"content":{"rendered":"<p><\/p>\n\n\n\n<p><\/p>\n\n\n\n<p>Kako je naveo, o\u010dekuje s nastup \u017dablja\u010danina\u00a0paraolimpijca\u00a0Andreja\u00a0\u0160ibali\u0107a u Kortini &#8211; Milano.<\/p>\n\n\n\n<p><\/p>\n\n\n\n<p>&#8222;Povodom istorijskog nastupa na\u0161eg sugra\u0111anina Andreja \u0160ibali\u0107a na zimskim paraolimpijskim igrama u Cortini d&#8217;Ampezzo, u ime Skup\u0161tine op\u0161tine \u017dabljak, i u svoje li\u010dno ime upu\u0107ujem najiskreniju \u010destitku i poruku podr\u0161ke. Danas se podno Durmitora osje\u0107a poseban ponos. Na\u0161 Andrej \u0160ibali\u0107, momak stasao na snjegovima na\u0161e planine, ispisao je nove stranice crnogorske sportske istorije, postav\u0161i prvi predstavnik na\u0161e dr\u017eave na zimskim paraolimpijskim igrama ikada.<\/p>\n\n\n\n<p>U svijetu vrhunskog sporta \u010desto se fokusiramo isklju\u010divo na rezultat i plasman. Me\u0111utim, Andrejev nastup nas podsje\u0107a na su\u0161tinu olimpizma, a to je da nije bitno koje mjesto zauzmete na tabeli, ve\u0107 koliku ste prepreku savladali da biste se na toj startnoj poziciji uop\u0161te pojavili. Njegov nastup je pobjeda duha nad materijom, pobjeda volje nad izazovima i najljep\u0161a promocija ljudskog dostojanstva.<\/p>\n\n\n\n<p>\u017dabljak nije samo turisti\u010dki centar ve\u0107 je rasadnik talenata i ljudi koji se ne boje ni hladno\u0107e ni uspona. \u010cinjenica da prvi zimski paraolimpijac Crne Gore dolazi upravo iz na\u0161eg grada, potvr\u0111uje da Durmitor ra\u0111a ljude posebnog kova. Andrej je danas ambasador svakog \u017dabljanina, svakog sportiste i svakog mladog \u010dovjeka koji sanja velike snove.<\/p>\n\n\n\n<p>Sport je ovim dokazao svoju prvenstvenu svrhu, da je sredstvo inkluzije, alat za ja\u010danje karaktera i most koji spaja male zajednice sa velikom svjetskom scenom. Op\u0161tina \u017dabljak \u0107e nastaviti da bude sna\u017ean oslonac svojim sportistima, svjesni da su oni na\u0161i najbolji reprezenti.&#8220;, kazao je Popovi\u0107.<\/p>","protected":false},"excerpt":{"rendered":"<p>Predsjednik Skup\u0161tine op\u0161tine \u017dabljak Ivana Popovi\u0107a kazao je da taj grad prvi put ima svog predstavnika na Paraolimpijadi u Milanu.<\/p>","protected":false},"author":7,"featured_media":939031,"comment_status":"open","ping_status":"open","sticky":false,"template":"","format":"standard","meta":{"_acf_changed":false,"footnotes":"","jetpack_publicize_message":"","jetpack_publicize_feature_enabled":true,"jetpack_social_post_already_shared":true,"jetpack_social_options":{"image_generator_settings":{"template":"highway","default_image_id":0,"font":"","enabled":false},"version":2}},"categories":[15],"tags":[27707,629],"naslovna":[],"class_list":["post-939026","post","type-post","status-publish","format-standard","has-post-thumbnail","hentry","category-sport","tag-sibalica","tag-zabljak"],"acf":[],"jetpack_publicize_connections":[],"_links":{"self":[{"href":"https:\/\/gradski.me\/en\/wp-json\/wp\/v2\/posts\/939026","targetHints":{"allow":["GET"]}}],"collection":[{"href":"https:\/\/gradski.me\/en\/wp-json\/wp\/v2\/posts"}],"about":[{"href":"https:\/\/gradski.me\/en\/wp-json\/wp\/v2\/types\/post"}],"author":[{"embeddable":true,"href":"https:\/\/gradski.me\/en\/wp-json\/wp\/v2\/users\/7"}],"replies":[{"embeddable":true,"href":"https:\/\/gradski.me\/en\/wp-json\/wp\/v2\/comments?post=939026"}],"version-history":[{"count":1,"href":"https:\/\/gradski.me\/en\/wp-json\/wp\/v2\/posts\/939026\/revisions"}],"predecessor-version":[{"id":939034,"href":"https:\/\/gradski.me\/en\/wp-json\/wp\/v2\/posts\/939026\/revisions\/939034"}],"wp:featuredmedia":[{"embeddable":true,"href":"https:\/\/gradski.me\/en\/wp-json\/wp\/v2\/media\/939031"}],"wp:attachment":[{"href":"https:\/\/gradski.me\/en\/wp-json\/wp\/v2\/media?parent=939026"}],"wp:term":[{"taxonomy":"category","embeddable":true,"href":"https:\/\/gradski.me\/en\/wp-json\/wp\/v2\/categories?post=939026"},{"taxonomy":"post_tag","embeddable":true,"href":"https:\/\/gradski.me\/en\/wp-json\/wp\/v2\/tags?post=939026"},{"taxonomy":"naslovna","embeddable":true,"href":"https:\/\/gradski.me\/en\/wp-json\/wp\/v2\/naslovna?post=939026"}],"curies":[{"name":"wp","href":"https:\/\/api.w.org\/{rel}","templated":true}]}}