{"id":938747,"date":"2026-03-15T18:18:38","date_gmt":"2026-03-15T17:18:38","guid":{"rendered":"https:\/\/gradski.me\/?p=938747"},"modified":"2026-03-15T18:18:40","modified_gmt":"2026-03-15T17:18:40","slug":"ubjedljiv-start-tomislava-djinovica","status":"publish","type":"post","link":"https:\/\/gradski.me\/en\/sport\/ubjedljiv-start-tomislava-djinovica\/","title":{"rendered":"Convincing start from Tomislav \u0110inovi\u0107"},"content":{"rendered":"<p>The member of BK Zlati\u010danin achieved a convincing victory over Andrijan Rustemovski from North Macedonia in the 60 kg category in the round of 16, winning by unanimous decision. From the very beginning of the match, \u0110inovi\u0107 imposed his own rhythm. In all three rounds, he was more specific, faster and technically more precise, so there was no doubt about the winner for the judges. Djinovi\u0107 justified expectations with a confident and mature fight and successfully opened the competition. His rival in the quarterfinals will be Mahamadali Gazimzade from Azerbaijan, who defeated Hamza Al Audouni from Belgium in the round of 16, also by unanimous decision of the judge. <\/p>\n\n\n\n<p>One of the strongest senior tournaments in the world was officially opened today in the \u201cSplendid\u201d Congress Hall. After the welcoming speech of the President of the Boxing Federation of Montenegro Aleksandar Klemenko, the audience was addressed by the Honorary President of the World Boxing Organization Boris Van Den Vorst, who emphasized the importance of such tournaments for the development of boxing and international cooperation.<\/p>\n\n\n\n<p>The Boxing Federation of Montenegro is an exceptional host who has provided excellent conditions and a worthy stage for top boxing talents from around the world. We are grateful for their dedication and hard work in organizing this event, said Boris Van Den Vorst, who also emphasized that boxing has returned to the Olympic program, which is a great success for this sport.<\/p>\n\n\n\n<p>\"I am proud to say that boxing is back on the Olympic programme. My team and I have worked very hard in recent years to make this happen. As in boxing, success only comes through hard work and dedication,\" Van Vorst said, adding that the road to the 2028 Los Angeles Olympics is a shared responsibility of boxers, coaches, referees and sports officials. <\/p>\n\n\n\n<p>He thanked all the participants who traveled from different parts of the country.<br>world, as well as to the tournament organizers and the president of the Boxing Federation of Montenegro, Aleksandar Klemenko.<\/p>\n\n\n\n<p>\"I wish you all the best of luck. May the best boxer win,\" said Boris Van Den Vorst, honorary president of World Boxing, at the end of his address.<\/p>\n\n\n\n<p><\/p>","protected":false},"excerpt":{"rendered":"<p>Montenegrin national team member Tomislav - Bato Djinovi\u0107 successfully began his performance at the prestigious senior tournament \"Montenegro Cup 2026\", which brought together boxers from 19 countries from four continents in Budva. <\/p>","protected":false},"author":7,"featured_media":938750,"comment_status":"open","ping_status":"open","sticky":false,"template":"","format":"standard","meta":{"_acf_changed":false,"footnotes":"","jetpack_publicize_message":"","jetpack_publicize_feature_enabled":true,"jetpack_social_post_already_shared":true,"jetpack_social_options":{"image_generator_settings":{"template":"highway","default_image_id":0,"font":"","enabled":false},"version":2}},"categories":[15],"tags":[27654,5571,18990,2657],"naslovna":[],"class_list":["post-938747","post","type-post","status-publish","format-standard","has-post-thumbnail","hentry","category-sport","tag-boris-van-den-vorst","tag-bscg","tag-montenegro-kup","tag-tomislav-bato-djinovic"],"acf":[],"jetpack_publicize_connections":[],"_links":{"self":[{"href":"https:\/\/gradski.me\/en\/wp-json\/wp\/v2\/posts\/938747","targetHints":{"allow":["GET"]}}],"collection":[{"href":"https:\/\/gradski.me\/en\/wp-json\/wp\/v2\/posts"}],"about":[{"href":"https:\/\/gradski.me\/en\/wp-json\/wp\/v2\/types\/post"}],"author":[{"embeddable":true,"href":"https:\/\/gradski.me\/en\/wp-json\/wp\/v2\/users\/7"}],"replies":[{"embeddable":true,"href":"https:\/\/gradski.me\/en\/wp-json\/wp\/v2\/comments?post=938747"}],"version-history":[{"count":2,"href":"https:\/\/gradski.me\/en\/wp-json\/wp\/v2\/posts\/938747\/revisions"}],"predecessor-version":[{"id":938753,"href":"https:\/\/gradski.me\/en\/wp-json\/wp\/v2\/posts\/938747\/revisions\/938753"}],"wp:featuredmedia":[{"embeddable":true,"href":"https:\/\/gradski.me\/en\/wp-json\/wp\/v2\/media\/938750"}],"wp:attachment":[{"href":"https:\/\/gradski.me\/en\/wp-json\/wp\/v2\/media?parent=938747"}],"wp:term":[{"taxonomy":"category","embeddable":true,"href":"https:\/\/gradski.me\/en\/wp-json\/wp\/v2\/categories?post=938747"},{"taxonomy":"post_tag","embeddable":true,"href":"https:\/\/gradski.me\/en\/wp-json\/wp\/v2\/tags?post=938747"},{"taxonomy":"naslovna","embeddable":true,"href":"https:\/\/gradski.me\/en\/wp-json\/wp\/v2\/naslovna?post=938747"}],"curies":[{"name":"wp","href":"https:\/\/api.w.org\/{rel}","templated":true}]}}