{"id":938676,"date":"2026-03-15T18:25:00","date_gmt":"2026-03-15T17:25:00","guid":{"rendered":"https:\/\/gradski.me\/?p=938676"},"modified":"2026-03-15T16:50:30","modified_gmt":"2026-03-15T15:50:30","slug":"sjutra-pocinje-start-up-kamp-za-studente-na-vucju-program-osmisljen-da-mladima-pruzi-priliku-da-razviju-inovativne-ideje","status":"publish","type":"post","link":"https:\/\/gradski.me\/en\/drustvo\/sjutra-pocinje-start-up-kamp-za-studente-na-vucju-program-osmisljen-da-mladima-pruzi-priliku-da-razviju-inovativne-ideje\/","title":{"rendered":"Start-up camp for students in Vu\u010dje starts tomorrow: A program designed to give young people the opportunity to develop innovative ideas"},"content":{"rendered":"<p><\/p>\n\n\n\n<p><br><\/p>\n\n\n\n<p>Iz Inovaciono-preduzetni\u010dkog centra (IPC) Tehnopolis kazali su da je program osmi\u0161ljen da mladima pru\u017ei priliku da svoje inovativne ideje razviju u konkretne biznis koncepte, uz podr\u0161ku iskusnih mentora, uspje\u0161nih preduzetnika i stru\u010dnjaka iz oblasti inovacija i preduzetni\u0161tva.<\/p>\n\n\n\n<p>Start-up kamp je petodnevni doga\u0111aj namijenjen studentima koji \u017eele da nau\u010de osnove i principe preduzetni\u0161tva, prepoznaju i razviju odr\u017eivu biznis ideju, savladaju proces izrade biznis modela i biznis plana i razumiju put od ideje do investicije.<\/p>\n\n\n\n<p>Kroz interaktivna predavanja, prakti\u010dne radionice i rad u timovima, u\u010desnici \u0107e pro\u0107i kompletan proces razvoja start-up ideje &#8211; od po\u010detne inspiracije do finalne pitch prezentacije.<\/p>\n\n\n\n<p>Cilj kampa je edukacija i transfer znanja, razmjena iskustava sa uspje\u0161nim preduzetnicima i start-up timovima, kao i umre\u017eavanje budu\u0107ih lidera inovacionog ekosistema.<\/p>\n\n\n\n<p>Osim zvani\u010dnog programa, kamp donosi i dodatne sadr\u017eaje, poput hiking ture, filmske ve\u010deri, timsko dru\u017eenje, zabavni program nakon radionica.<\/p>","protected":false},"excerpt":{"rendered":"<p>Start-up kamp za studente, petodnevni edukativno-razvojni program, bi\u0107e sjutra otvoren u Turisti\u010dkom centru Vu\u010dje u Nik\u0161i\u0107u.<\/p>","protected":false},"author":5,"featured_media":938678,"comment_status":"open","ping_status":"open","sticky":false,"template":"","format":"standard","meta":{"_acf_changed":false,"footnotes":"","jetpack_publicize_message":"","jetpack_publicize_feature_enabled":true,"jetpack_social_post_already_shared":true,"jetpack_social_options":{"image_generator_settings":{"template":"highway","default_image_id":0,"font":"","enabled":false},"version":2}},"categories":[9],"tags":[27646,27645,2189],"naslovna":[],"class_list":["post-938676","post","type-post","status-publish","format-standard","has-post-thumbnail","hentry","category-drustvo","tag-edukativni-program","tag-start-up-kamp","tag-vucje"],"acf":[],"jetpack_publicize_connections":[],"_links":{"self":[{"href":"https:\/\/gradski.me\/en\/wp-json\/wp\/v2\/posts\/938676","targetHints":{"allow":["GET"]}}],"collection":[{"href":"https:\/\/gradski.me\/en\/wp-json\/wp\/v2\/posts"}],"about":[{"href":"https:\/\/gradski.me\/en\/wp-json\/wp\/v2\/types\/post"}],"author":[{"embeddable":true,"href":"https:\/\/gradski.me\/en\/wp-json\/wp\/v2\/users\/5"}],"replies":[{"embeddable":true,"href":"https:\/\/gradski.me\/en\/wp-json\/wp\/v2\/comments?post=938676"}],"version-history":[{"count":2,"href":"https:\/\/gradski.me\/en\/wp-json\/wp\/v2\/posts\/938676\/revisions"}],"predecessor-version":[{"id":938688,"href":"https:\/\/gradski.me\/en\/wp-json\/wp\/v2\/posts\/938676\/revisions\/938688"}],"wp:featuredmedia":[{"embeddable":true,"href":"https:\/\/gradski.me\/en\/wp-json\/wp\/v2\/media\/938678"}],"wp:attachment":[{"href":"https:\/\/gradski.me\/en\/wp-json\/wp\/v2\/media?parent=938676"}],"wp:term":[{"taxonomy":"category","embeddable":true,"href":"https:\/\/gradski.me\/en\/wp-json\/wp\/v2\/categories?post=938676"},{"taxonomy":"post_tag","embeddable":true,"href":"https:\/\/gradski.me\/en\/wp-json\/wp\/v2\/tags?post=938676"},{"taxonomy":"naslovna","embeddable":true,"href":"https:\/\/gradski.me\/en\/wp-json\/wp\/v2\/naslovna?post=938676"}],"curies":[{"name":"wp","href":"https:\/\/api.w.org\/{rel}","templated":true}]}}