{"id":938626,"date":"2026-03-15T17:33:00","date_gmt":"2026-03-15T16:33:00","guid":{"rendered":"https:\/\/gradski.me\/?p=938626"},"modified":"2026-03-15T17:34:02","modified_gmt":"2026-03-15T16:34:02","slug":"osnovan-forum-zena-evropskog-saveza","status":"publish","type":"post","link":"https:\/\/gradski.me\/en\/politika\/osnovan-forum-zena-evropskog-saveza\/","title":{"rendered":"The European Union Women's Forum was founded"},"content":{"rendered":"<p>Na sjednici je, kako su saop\u0161tili, izabrano Predsjedni\u0161tvo Foruma \u017eena Evropskog saveza, koje \u010dine: Jovana Vukovi\u0107, Danijela Brajovi\u0107, Dragica An\u0111eli\u0107, Tamara Obrenovi\u0107, Milka Mima Jovanovi\u0107, Enisa Marki\u0161i\u0107, Emina Salihovi\u0107, Milena Vuja\u010di\u0107, Tanja Vuja\u010di\u0107, Desanka Domazetovi\u0107, Vesna Rai\u010devi\u0107, Ilma D\u017eafi\u0107, Slavica Ad\u017ei\u0107, Suzana Buli\u0107 i Darinka Mijovi\u0107.<\/p>\n\n\n\n<p>Prisutnima su se obratili i lideri partija \u010dlanica Evropskog saveza.<\/p>\n\n\n\n<p>Predsjednik Liberalne partije i jedan od lidera Evropskog saveza Vatroslav Belan je poru\u010dio da su \u017eene prepoznale va\u017enost trenutka i potrebu ujedinjavanja snaga u izazovnom politi\u010dkom periodu.<\/p>\n\n\n\n<p>&#8222;Prepoznale ste trenutak, ulogu i zna\u010daj u vrlo izazovnom momentu i razumjele va\u017enost ujedinjavanja snaga. Ovaj dan i pokretanje ovog foruma va\u0161a je investicija u budu\u0107nost Crne Gore. Bi\u0107u saborac u svim va\u0161im bitkama i borbama. Sloboda, jednaka prava i \u0161anse za sve nemaju cijenu. Borite se da iz va\u0161ih redova dobijemo prvu predsjednicu Vlade moderne i evropske Crne Gore\u201c, poru\u010dio je Belan.<\/p>\n\n\n\n<p>Predsjednik Socijaldemokratske partije i jedan od lidera Evropskog saveza Ivan Vujovi\u0107 je naglasio da Forum \u017eena predstavlja va\u017enu vrijednosnu vodilju ka modernijem dru\u0161tvu.<\/p>\n\n\n\n<p>&#8222;Sve negativne tendencije moramo sprije\u010diti i vratiti ovo dru\u0161tvo na normalni kolosjek. Treba da vratimo Crnu Goru tamo gdje pripada. Ovo je veliki dan za sve vas. Neka pred nama bude borbeni period za sve vrijednosti u koje vjerujemo. Neka \u017eivi Forum \u017eena Evropskog saveza i rodna ravnopravnost\u201c, kazao je Vujovi\u0107.<\/p>\n\n\n\n<p>Predsjednik Socijaldemokrata Crne Gore Damir \u0160ehovi\u0107 je istakao da je vrijeme za promjene i povratak normalnosti u dru\u0161tvo.<\/p>\n\n\n\n<p>&#8222;Ovako vi\u0161e ne mo\u017ee. Tra\u017eimo da se vrati normalnost u dru\u0161tvu i mjera u politici \u2013 to je na\u010din da se okrenemo budu\u0107nosti. U pravo vrijeme formiramo Forum \u017eena Evropskog saveza, jer je politika bez \u017eena na mjestima odlu\u010divanja li\u0161ena osje\u0107aja za stvaran \u017eivot. Dolaze politi\u010dke promjene koje \u0107e predvoditi Evropski savez, ali savez u kojem mora biti znatno vi\u0161e prostora za \u017eene na svim nivoima odlu\u010divanja. Forum \u017eena donije\u0107e mjeru, ali i hrabrost i odlu\u010dnost da promjene dovedemo do kraja. Po\u010delo je i u Crnoj Gori da svi\u0107e\u201c, poru\u010dio je \u0160ehovi\u0107.<\/p>\n\n\n\n<p>Osnivanjem Foruma \u017eena Evropskog saveza dodatno se potvr\u0111uje opredjeljenje saveza za ja\u010danje rodne ravnopravnosti, ve\u0107u politi\u010dku participaciju \u017eena i izgradnju modernog, evropskog i demokratskog dru\u0161tva.<\/p>","protected":false},"excerpt":{"rendered":"<p>U Podgorici je danas odr\u017eana osniva\u010dka sjednica Foruma \u017eena Evropskog saveza, \u010dime je, prema saop\u0161tenju, napravljen va\u017ean korak ka sna\u017enijem uklju\u010divanju \u017eena u politi\u010dke procese i dono\u0161enje odluka u Crnoj Gori.<\/p>","protected":false},"author":13,"featured_media":938627,"comment_status":"open","ping_status":"open","sticky":false,"template":"","format":"standard","meta":{"_acf_changed":false,"footnotes":"","jetpack_publicize_message":"","jetpack_publicize_feature_enabled":true,"jetpack_social_post_already_shared":true,"jetpack_social_options":{"image_generator_settings":{"template":"highway","default_image_id":0,"font":"","enabled":false},"version":2}},"categories":[7],"tags":[586,8260],"naslovna":[],"class_list":["post-938626","post","type-post","status-publish","format-standard","has-post-thumbnail","hentry","category-politika","tag-evropski-savez","tag-forum-zena"],"acf":[],"jetpack_publicize_connections":[],"_links":{"self":[{"href":"https:\/\/gradski.me\/en\/wp-json\/wp\/v2\/posts\/938626","targetHints":{"allow":["GET"]}}],"collection":[{"href":"https:\/\/gradski.me\/en\/wp-json\/wp\/v2\/posts"}],"about":[{"href":"https:\/\/gradski.me\/en\/wp-json\/wp\/v2\/types\/post"}],"author":[{"embeddable":true,"href":"https:\/\/gradski.me\/en\/wp-json\/wp\/v2\/users\/13"}],"replies":[{"embeddable":true,"href":"https:\/\/gradski.me\/en\/wp-json\/wp\/v2\/comments?post=938626"}],"version-history":[{"count":1,"href":"https:\/\/gradski.me\/en\/wp-json\/wp\/v2\/posts\/938626\/revisions"}],"predecessor-version":[{"id":938628,"href":"https:\/\/gradski.me\/en\/wp-json\/wp\/v2\/posts\/938626\/revisions\/938628"}],"wp:featuredmedia":[{"embeddable":true,"href":"https:\/\/gradski.me\/en\/wp-json\/wp\/v2\/media\/938627"}],"wp:attachment":[{"href":"https:\/\/gradski.me\/en\/wp-json\/wp\/v2\/media?parent=938626"}],"wp:term":[{"taxonomy":"category","embeddable":true,"href":"https:\/\/gradski.me\/en\/wp-json\/wp\/v2\/categories?post=938626"},{"taxonomy":"post_tag","embeddable":true,"href":"https:\/\/gradski.me\/en\/wp-json\/wp\/v2\/tags?post=938626"},{"taxonomy":"naslovna","embeddable":true,"href":"https:\/\/gradski.me\/en\/wp-json\/wp\/v2\/naslovna?post=938626"}],"curies":[{"name":"wp","href":"https:\/\/api.w.org\/{rel}","templated":true}]}}