{"id":938615,"date":"2026-03-15T13:08:00","date_gmt":"2026-03-15T12:08:00","guid":{"rendered":"https:\/\/gradski.me\/?p=938615"},"modified":"2026-03-16T07:55:00","modified_gmt":"2026-03-16T06:55:00","slug":"culafic-poglavlje-27-veliki-izazov-ali-i-prilika-za-nove-poslovne-ideje-mladih","status":"publish","type":"post","link":"https:\/\/gradski.me\/en\/drustvo\/culafic-poglavlje-27-veliki-izazov-ali-i-prilika-za-nove-poslovne-ideje-mladih\/","title":{"rendered":"\u0106ulafi\u0107: Chapter 27 a great challenge, but also an opportunity for new business ideas for young people"},"content":{"rendered":"<p><\/p>\n\n\n\n<p><\/p>\n\n\n\n<p><\/p>\n\n\n\n<p>Rije\u010d je o projektu koji okuplja mlade ljude, studente, iz Crne Gore i regiona, koji, organizovani u timove, dobijaju konkretan zadatak da osmisle \u0161to kvalitetniji biznis model, kao rje\u0161enje za odre\u0111eni dru\u0161tveni izazov. Ovogodi\u0161nji \u201cPoslovni izazov&#8220; tematski je vezan za Poglavlje 27 \u2013 \u017divotna sredina i klimatske promjene. U\u010desnici imaju zadatak da osmisle rje\u0161enja koja se odnose na oblasti poput upravljanja otpadom, unapre\u0111enja kvaliteta vazduha, kao i druge modele koji mogu doprinijeti za\u0161titi \u017eivotne sredine.<\/p>\n\n\n\n<p>Ministar \u0106ulafi\u0107 je tim povodom kazao da mu je posebno zadovoljstvo \u0161to je Ministarstvo partner na ovom projektu, isti\u010du\u0107i da su mladi ljudi, koliko god puta to bilo ponovljeno, zaista budu\u0107nost dru\u0161tva.<\/p>\n\n\n\n<p>\u201eMeni \u010dini posebno zadovoljstvo da govorim pred vama, mladim ljudima, koji su sasvim izvjesno, i to vrlo brzo, novi kreatori i nosioci nacionalnih zdravih zelenih politika. Isti\u010dem upravo \u2018zdrave zelene politike\u2019, jer ima i onih drugih, koje su bile predugo platforma za korupciju, a za nju je ova oblast posebno plodno tle. Relevantna ameri\u010dka istra\u017eivanja pokazala su da nam je korupcija u Crnoj Gori godi\u0161nje \u2018jela\u2019 milijardu i sedam stotina miliona evra dr\u017eavnog bud\u017eeta, i onda mo\u017eete makar pretpostaviti koja bi na\u0161a dr\u017eavna finansijska snaga danas bila, da je korupcija bila na nultom nivou. Da li bi danas uop\u0161te bilo potrebno da razvijamo planove kako obezbijediti nedostaju\u0107i novac za izgradnju potrebne infrastrukture kojom se \u010duva i unaprje\u0111uje \u017eivotna sredina, i u kojim vremenskim intervalima? Mislim da je to za vas va\u017ena tema za razmi\u0161ljanje\u201d, istakao je ministar \u0106ulafi\u0107.<\/p>\n\n\n\n<p>Ministar je ukazao na konkretnu poveznicu izme\u0111u poslovne izazovnosti kojom se studenti bave i mogu\u0107nosti koje pru\u017ea ve\u0107 sada sektor ekologije, ali i ukazao na gotovo nesagledive mogu\u0107nosti koje su stvorene konkretnim radnim koracima ministarstva kojim rukovodi: <\/p>\n\n\n\n<p>\u201cEvropska unija je 1992. godine formirala najstariji program za \u017eivotnu sredinu i klimatsku akciju &#8211; LIFE. Crna Gora je tek pro\u0161le godine, dakle 2025, uspjela da dobije mogu\u0107nost da pristupi ovom programu. E, sad, u kontekstu poslovnih prilika, sagledajte ova dva podatka: prvi, da se u okviru bud\u017eeta predvi\u0111enog za ovaj fond, za period od 2021\u20132027, nalazilo ne\u0161to oko 5.1 milijarde evra za projekte iz ove oblasti, a da se u trenutku na\u0161eg pristupanja fondu u istom nalazilo jo\u0161 2.3 milijarde evra neutro\u0161enih sredstava. Kontribucija Crne Gore je bila svega 126 hiljada evra. Zamislite samo koji smo prostor za poslovanje stvorili naj\u0161iroj zainteresovanoj zajednici u Crnoj Gori, dakle mogu\u0107nost da apliciraju projektima u fondu u kom se nalaze dvije milijarde i tri stotine miliona evra sredstava! Dakle, kao \u0161to vidimo, poslovne mogu\u0107nosti su neslu\u0107ene.&#8220;<\/p>\n\n\n\n<p>Prave\u0107i komparaciju izme\u0111u teme ovogodi\u0161nje ekolo\u0161ko-ekonomske \u0161kole \u201cPoslovni izazov\u201d i obaveza za potpuno zatvaranje Poglavlja 27, ministar je studentima saop\u0161tio projekciju tro\u0161kova za izgradnju infrastrukture u dvjema va\u017enim oblastima, o kojima je mogu\u0107e da studenti nisu imali prilike da previ\u0161e saznaju, jer se i u svakodnevnom \u017eivotu, u Crnoj Gori, jo\u0161 uvijek nedovoljno pa\u017enje poklanja upravo ovim oblastima:<\/p>\n\n\n\n<p> \u201cDa li ste znali da je, prema do sada dostupnim podacima i aproksimativnim procjenama, za izgradnju infrastrukture za postizanje neutralnosti u pogledu zaga\u0111enja vazduha u Crnoj Gori do 2050. godine potrebno obezbijediti oko 900 miliona evra? Da li ste znali da je za izgradnju postrojenja za pre\u010di\u0161\u0107avanje otpadnih voda u Crnoj Gori, na svih 37 aglomeracija, u narednih 10 ili 20 godina (a to \u0107e zavisiti od odobrenih prelaznih razdoblja), potrebno, opet prema aproksimativnim procjenama, ne\u0161to oko 780 miliona evra? Sad sagledajmo to u kontekstu poslovnih mogu\u0107nosti.&#8220;<\/p>\n\n\n\n<p>\u201eTo je samo jedan dio onoga \u0161to nas o\u010dekuje, ali i sve \u0161to smo do sada obezbijedili je vrlo zna\u010dajan finansijski input za lokalne zajednice, pored osnovnog benefita, a to je unaprje\u0111enje \u017eivotne sredine\u201c, naglasio je \u0106ulafi\u0107.<\/p>\n\n\n\n<p>On je podsjetio da je u prethodnom periodu realizovan zna\u010dajan broj projekata koji se odnose na unapre\u0111enje sistema upravljanja otpadnim vodama. Kako je naveo, samo za op\u0161tinu Ulcinj obezbije\u0111eno je 30 miliona evra, dok je za op\u0161tine na sjeveru dr\u017eave, Mojkovac, Kola\u0161in i Ro\u017eaje, opredijeljeno 22.5 miliona evra. Za projekte u Kotoru i Tivtu obezbije\u0111eno je dodatnih 12.5 miliona evra.<\/p>\n\n\n\n<p>Govore\u0107i o zakonodavnom dijelu obaveza iz Poglavlja 27, ministar je istakao da je normativni okvir u velikoj mjeri zavr\u0161en i da su potrebna dokumenta, iz domena rada MERS-a, dostavljena Evropskoj komisiji.<\/p>\n\n\n\n<p>\u201eO\u010dekujem da \u0107e ove godine, odnosno u vrlo skorom periodu, do\u0107i do privremenog zatvaranja ovog pregovara\u010dkog poglavlja. Ipak, pred nama je jo\u0161 mnogo posla. Crna Gora mora da nastavi da radi na podizanju svijesti gra\u0111ana o zna\u010daju za\u0161tite \u017eivotne sredine, jer bez razvijene ekolo\u0161ke svijesti dru\u0161tva \u010dak i najbolji institucionalni rezultati mogu biti nedovoljni\u201c, naveo je ministar.<\/p>\n\n\n\n<p>On je u\u010desnicima po\u017eelio uspje\u0161an rad tokom trajanja doga\u0111aja, mnogo dobrih ideja, ali i lijepo dru\u017eenje i zabavu, isti\u010du\u0107i da s posebnom pa\u017enjom o\u010dekuje da vidi poslovne modele i rje\u0161enja koja su osmislili.<\/p>\n\n\n\n<p>\u201eRadujem se da vidim kakve ste poslovne izazove i rje\u0161enja pripremili. Siguran sam da \u0107e me\u0111u va\u0161im idejama biti onih koje mogu dati konkretan doprinos unapre\u0111enju za\u0161tite \u017eivotne sredine\u201c, zaklju\u010dio je \u0106ulafi\u0107.<\/p>","protected":false},"excerpt":{"rendered":"<p>Ministar ekologije, odr\u017eivog razvoja i razvoja sjevera, Damjan \u0106ulafi\u0107, govorio je na otvaranju doga\u0111aja &#8222;Poslovni izazov&#8220;, koji je organizovao Univerzitet Donja Gorica (UDG) u saradnji sa Ministarstvom ekologije, odr\u017eivog razvoja i razvoja sjevera, kao generalnim pokroviteljem ovogodi\u0161njeg okupljanja studenata, saop\u0161teno je iz tog Vladinog resora.<\/p>","protected":false},"author":13,"featured_media":938616,"comment_status":"open","ping_status":"open","sticky":false,"template":"","format":"standard","meta":{"_acf_changed":false,"footnotes":"","jetpack_publicize_message":"","jetpack_publicize_feature_enabled":true,"jetpack_social_post_already_shared":true,"jetpack_social_options":{"image_generator_settings":{"template":"highway","default_image_id":0,"font":"","enabled":false},"version":2}},"categories":[9],"tags":[177,2342],"naslovna":[],"class_list":["post-938615","post","type-post","status-publish","format-standard","has-post-thumbnail","hentry","category-drustvo","tag-damjan-culafic-2","tag-mers"],"acf":[],"jetpack_publicize_connections":[],"_links":{"self":[{"href":"https:\/\/gradski.me\/en\/wp-json\/wp\/v2\/posts\/938615","targetHints":{"allow":["GET"]}}],"collection":[{"href":"https:\/\/gradski.me\/en\/wp-json\/wp\/v2\/posts"}],"about":[{"href":"https:\/\/gradski.me\/en\/wp-json\/wp\/v2\/types\/post"}],"author":[{"embeddable":true,"href":"https:\/\/gradski.me\/en\/wp-json\/wp\/v2\/users\/13"}],"replies":[{"embeddable":true,"href":"https:\/\/gradski.me\/en\/wp-json\/wp\/v2\/comments?post=938615"}],"version-history":[{"count":1,"href":"https:\/\/gradski.me\/en\/wp-json\/wp\/v2\/posts\/938615\/revisions"}],"predecessor-version":[{"id":938617,"href":"https:\/\/gradski.me\/en\/wp-json\/wp\/v2\/posts\/938615\/revisions\/938617"}],"wp:featuredmedia":[{"embeddable":true,"href":"https:\/\/gradski.me\/en\/wp-json\/wp\/v2\/media\/938616"}],"wp:attachment":[{"href":"https:\/\/gradski.me\/en\/wp-json\/wp\/v2\/media?parent=938615"}],"wp:term":[{"taxonomy":"category","embeddable":true,"href":"https:\/\/gradski.me\/en\/wp-json\/wp\/v2\/categories?post=938615"},{"taxonomy":"post_tag","embeddable":true,"href":"https:\/\/gradski.me\/en\/wp-json\/wp\/v2\/tags?post=938615"},{"taxonomy":"naslovna","embeddable":true,"href":"https:\/\/gradski.me\/en\/wp-json\/wp\/v2\/naslovna?post=938615"}],"curies":[{"name":"wp","href":"https:\/\/api.w.org\/{rel}","templated":true}]}}