{"id":938608,"date":"2026-03-15T15:14:00","date_gmt":"2026-03-15T14:14:00","guid":{"rendered":"https:\/\/gradski.me\/?p=938608"},"modified":"2026-03-15T14:35:09","modified_gmt":"2026-03-15T13:35:09","slug":"medjunarodni-operski-talenti-stizu-u-crnu-goru-operosa-pokrece-ljetnju-akademiju-na-cetinju","status":"publish","type":"post","link":"https:\/\/gradski.me\/en\/kultura\/medjunarodni-operski-talenti-stizu-u-crnu-goru-operosa-pokrece-ljetnju-akademiju-na-cetinju\/","title":{"rendered":"International opera talents arrive in Montenegro: Operosa launches summer academy in Cetinje"},"content":{"rendered":"<p><\/p>\n\n\n\n<p><\/p>\n\n\n\n<p>Operosa Summer Opera Academy predstavlja novi programski segment Operose i jednu od prvih me\u0111unarodnih ljetnjih akademija ovog tipa u regionu, osmi\u0161ljenu kao intenzivna edukativna i umjetni\u010dka platforma za razvoj mladih umjetnika.<\/p>\n\n\n\n<p>Ketrin Hataja (Katherine Haataja), osniva\u010dica i direktorka Operosa Montenegro Opera Festivala, isti\u010de da pokretanjem akademije Operosa \u017eeli da mladim umjetnicima pru\u017ei priliku za profesionalni razvoj u me\u0111unarodnom okru\u017eenju.<\/p>\n\n\n\n<p>\u201eOperosa Summer Opera Academy nastala je sa idejom da mladim operskim pjeva\u010dima i umjetnicima pru\u017eimo prostor za intenzivan umjetni\u010dki rad, u\u010denje i razmjenu iskustava sa me\u0111unarodnim mentorima. Posebno nam je va\u017eno \u0161to \u0107e crnogorski operski pjeva\u010di imati priliku da u\u010destvuju u programu bez kotizacije, \u010dime \u017eelimo dodatno podr\u017eati razvoj mladih talenata iz Crne Gore\u201c, kazala je ona.<\/p>\n\n\n\n<p>Tokom gotovo mjesec dana programa, u\u010desnici \u0107e imati priliku da rade sa istaknutim me\u0111unarodnim mentorima kroz masterklas radionice, umjetni\u010dki coaching, rad na scenskom izrazu i pripremu operskog repertoara. Program \u0107e biti zaokru\u017een javnim nastupima i koncertima, na kojima \u0107e publika imati priliku da \u010duje rezultate njihovog rada.<\/p>\n\n\n\n<p>Besplatnim u\u010de\u0161\u0107em na akademiji mladim doma\u0107im umjetnicima pru\u017ea se prilika da rade sa me\u0111unarodnim stru\u010dnjacima i razvijaju svoje karijere u profesionalnom me\u0111unarodnom okru\u017eenju.<\/p>\n\n\n\n<p>Pokretanjem Operosa Summer Opera Academy, Operosa dodatno pro\u0161iruje svoju misiju razvoja mladih umjetnika i me\u0111unarodne kulturne razmjene, dok se Cetinje potvr\u0111uje kao va\u017ean prostor susreta umjetnosti, obrazovanja i me\u0111unarodne saradnje.<\/p>\n\n\n\n<p>Nova akademija nadovezuje se na dugogodi\u0161nji rad Operose u oblasti operske produkcije i me\u0111unarodnih kulturnih projekata, stvaraju\u0107i dodatni prostor za razvoj nove generacije operskih umjetnika i njihovo povezivanje sa profesionalnom scenom.<\/p>\n\n\n\n<p>Vi\u0161e informacija o programu dostupno je na zvani\u010dnoj stranici Operose: www.operosa.org<\/p>","protected":false},"excerpt":{"rendered":"<p>Cetinje \u0107e ovog ljeta postati mjesto susreta mladih operskih talenata iz razli\u010ditih zemalja. U periodu od 15. jula do 8. avgusta na Cetinju \u0107e se po prvi put odr\u017eati Operosa Summer Opera Academy (OSOA) \u2013 novi me\u0111unarodni program namijenjen mladim operskim pjeva\u010dima i muzi\u010dkim profesionalcima. Akademiju organizuje Operosa Montenegro Opera Festival u saradnji sa Muzi\u010dkom akademijom na Cetinju.<\/p>","protected":false},"author":13,"featured_media":938609,"comment_status":"open","ping_status":"open","sticky":false,"template":"","format":"standard","meta":{"_acf_changed":false,"footnotes":"","jetpack_publicize_message":"","jetpack_publicize_feature_enabled":true,"jetpack_social_post_already_shared":true,"jetpack_social_options":{"image_generator_settings":{"template":"highway","default_image_id":0,"font":"","enabled":false},"version":2}},"categories":[11],"tags":[118,17769],"naslovna":[],"class_list":["post-938608","post","type-post","status-publish","format-standard","has-post-thumbnail","hentry","category-kultura","tag-cetinje","tag-operosa"],"acf":[],"jetpack_publicize_connections":[],"_links":{"self":[{"href":"https:\/\/gradski.me\/en\/wp-json\/wp\/v2\/posts\/938608","targetHints":{"allow":["GET"]}}],"collection":[{"href":"https:\/\/gradski.me\/en\/wp-json\/wp\/v2\/posts"}],"about":[{"href":"https:\/\/gradski.me\/en\/wp-json\/wp\/v2\/types\/post"}],"author":[{"embeddable":true,"href":"https:\/\/gradski.me\/en\/wp-json\/wp\/v2\/users\/13"}],"replies":[{"embeddable":true,"href":"https:\/\/gradski.me\/en\/wp-json\/wp\/v2\/comments?post=938608"}],"version-history":[{"count":1,"href":"https:\/\/gradski.me\/en\/wp-json\/wp\/v2\/posts\/938608\/revisions"}],"predecessor-version":[{"id":938610,"href":"https:\/\/gradski.me\/en\/wp-json\/wp\/v2\/posts\/938608\/revisions\/938610"}],"wp:featuredmedia":[{"embeddable":true,"href":"https:\/\/gradski.me\/en\/wp-json\/wp\/v2\/media\/938609"}],"wp:attachment":[{"href":"https:\/\/gradski.me\/en\/wp-json\/wp\/v2\/media?parent=938608"}],"wp:term":[{"taxonomy":"category","embeddable":true,"href":"https:\/\/gradski.me\/en\/wp-json\/wp\/v2\/categories?post=938608"},{"taxonomy":"post_tag","embeddable":true,"href":"https:\/\/gradski.me\/en\/wp-json\/wp\/v2\/tags?post=938608"},{"taxonomy":"naslovna","embeddable":true,"href":"https:\/\/gradski.me\/en\/wp-json\/wp\/v2\/naslovna?post=938608"}],"curies":[{"name":"wp","href":"https:\/\/api.w.org\/{rel}","templated":true}]}}