{"id":938555,"date":"2026-03-15T10:34:00","date_gmt":"2026-03-15T09:34:00","guid":{"rendered":"https:\/\/gradski.me\/?p=938555"},"modified":"2026-03-15T16:32:15","modified_gmt":"2026-03-15T15:32:15","slug":"vikend-sa-marijom-razic-sta-je-sinjajevina-sada-a-sta-moze-biti","status":"publish","type":"post","link":"https:\/\/gradski.me\/en\/drustvo\/vikend-sa-marijom-razic-sta-je-sinjajevina-sada-a-sta-moze-biti\/","title":{"rendered":"\"Weekend with Marija Razi\u0107\": What is Sinjajevina now, and what can it be?"},"content":{"rendered":"<p><\/p>\n\n\n\n<p><\/p>\n\n\n\n<p>Donosimo pri\u010du o Francuskinji koja je osnovala skloni\u0161e za je\u017eeve, koji su sve vi\u0161e ugro\u017eeni, a naj\u010de\u0161\u0107e stradaju od ljudi.<\/p>\n\n\n\n<p>Povodom Svjetskog dana potro\u0161a\u010da predstavljamo globalno istra\u017eivanje o potro\u0161a\u010dkim navikama, kako u prodavnicama tako i onlajn.<\/p>\n\n\n\n<p>U okviru projekta \u201eBudi internet genijalac\u201c, koji Fondacija ,,\u010cini dobro\u201d sprovodi \u0161est mjeseci sa u\u010denicima osnovnih \u0161kola \u0161irom Crne Gore, odr\u017eano je zavr\u0161no takmi\u010denje na kojem su u\u010denici pokazali znanje i vje\u0161tine koje su stekli tokom projekta. U goste nam sti\u017eu u\u010denice O\u0160 ,,Radojica Perovi\u0107\u201d iz Podgorice \u2013 Iskra Gazivoda i Anika Milo\u0161evi\u0107 i direktorica Fondacije Marija Jovovi\u0107.<\/p>\n\n\n\n<p>Prenosimo atmosferu sa premijere predstave \u201e\u0160to vi\u0161e jede, praznija postaje\u201c,<\/p>\n\n\n\n<p>koja je izvedena sino\u0107 na novoj Index sceni Gradskog pozori\u0161ta Podgorica u velikoj sali KIC-a \u201eBudo Tomovi\u0107\u201c.<\/p>\n\n\n\n<p>Predstavljamo hitove 33. Zlatne pahulje. Jedan od njih je i pjesma ,,\u010cudne pri\u010de\u201d koju \u0107e izvesti dugogodi\u0161nja nagra\u0111ivana u\u010desnica dje\u010dijih festivala Teodora Vreki\u0107.<\/p>\n\n\n\n<p>In the Reading section, we solve linguistic dilemmas.<\/p>\n\n\n\n<p>In cooperation with friends of our show, we prepare numerous gifts for viewers, among them tickets for the cinema Cineplexx.<\/p>\n\n\n\n<p>Show editor-Marija Razi\u0107<\/p>\n\n\n\n<p>email: vikend.rtvpodgorica@gmail.com<\/p>\n\n\n\n<p>instagram page: @weekend.rtvpodgorica<\/p>","protected":false},"excerpt":{"rendered":"<p>\u0160ta je Sinjajevina sada, a \u0161ta mo\u017ee biti? Na\u0161i gosti \u2013 Novak Tomovi\u0107 iz gra\u0111anske inicijative ,,Sa\u010duvajmo Sinjajevinu\u201d i \u0110oko \u0110inovi\u0107 iz nevladine organizacije ,,Sinjavinski maraton\u201d.<\/p>","protected":false},"author":13,"featured_media":898356,"comment_status":"open","ping_status":"open","sticky":false,"template":"","format":"standard","meta":{"_acf_changed":false,"footnotes":"","jetpack_publicize_message":"","jetpack_publicize_feature_enabled":true,"jetpack_social_post_already_shared":true,"jetpack_social_options":{"image_generator_settings":{"template":"highway","default_image_id":0,"font":"","enabled":false},"version":2}},"categories":[9],"tags":[17957,13900],"naslovna":[],"class_list":["post-938555","post","type-post","status-publish","format-standard","has-post-thumbnail","hentry","category-drustvo","tag-sinjajevina","tag-vikend-sa-marijom"],"acf":[],"jetpack_publicize_connections":[],"_links":{"self":[{"href":"https:\/\/gradski.me\/en\/wp-json\/wp\/v2\/posts\/938555","targetHints":{"allow":["GET"]}}],"collection":[{"href":"https:\/\/gradski.me\/en\/wp-json\/wp\/v2\/posts"}],"about":[{"href":"https:\/\/gradski.me\/en\/wp-json\/wp\/v2\/types\/post"}],"author":[{"embeddable":true,"href":"https:\/\/gradski.me\/en\/wp-json\/wp\/v2\/users\/13"}],"replies":[{"embeddable":true,"href":"https:\/\/gradski.me\/en\/wp-json\/wp\/v2\/comments?post=938555"}],"version-history":[{"count":1,"href":"https:\/\/gradski.me\/en\/wp-json\/wp\/v2\/posts\/938555\/revisions"}],"predecessor-version":[{"id":938556,"href":"https:\/\/gradski.me\/en\/wp-json\/wp\/v2\/posts\/938555\/revisions\/938556"}],"wp:featuredmedia":[{"embeddable":true,"href":"https:\/\/gradski.me\/en\/wp-json\/wp\/v2\/media\/898356"}],"wp:attachment":[{"href":"https:\/\/gradski.me\/en\/wp-json\/wp\/v2\/media?parent=938555"}],"wp:term":[{"taxonomy":"category","embeddable":true,"href":"https:\/\/gradski.me\/en\/wp-json\/wp\/v2\/categories?post=938555"},{"taxonomy":"post_tag","embeddable":true,"href":"https:\/\/gradski.me\/en\/wp-json\/wp\/v2\/tags?post=938555"},{"taxonomy":"naslovna","embeddable":true,"href":"https:\/\/gradski.me\/en\/wp-json\/wp\/v2\/naslovna?post=938555"}],"curies":[{"name":"wp","href":"https:\/\/api.w.org\/{rel}","templated":true}]}}