{"id":938534,"date":"2026-03-15T10:20:00","date_gmt":"2026-03-15T09:20:00","guid":{"rendered":"https:\/\/gradski.me\/?p=938534"},"modified":"2026-03-16T09:15:35","modified_gmt":"2026-03-16T08:15:35","slug":"tramp-tvrdi-da-je-iran-porazen-svajcarska-odbila-americke-prelete-presretnuti-iranski-dronovi","status":"publish","type":"post","link":"https:\/\/gradski.me\/en\/svijet\/tramp-tvrdi-da-je-iran-porazen-svajcarska-odbila-americke-prelete-presretnuti-iranski-dronovi\/","title":{"rendered":"Ballistic missiles fired from Iran, threats to Netanyahu, Trump doesn't know if Mojtaba Khamenei is alive"},"content":{"rendered":"<p>Ameri\u010dke snage izvele su veliki napad na iransko ostrvo Harg, jedno od klju\u010dnih \u010dvori\u0161ta za izvoz nafte.<\/p>\n\n\n\n<p><\/p>\n\n\n\n<ul class=\"wp-block-list\">\n<li>\u0160ef Bijele ku\u0107e Donald Tramp saop\u0161tio je da su vojni ciljevi sna\u017eno pogo\u0111eni, iranski kapaciteti zna\u010dajno oslabljeni i da su SAD porazile i desetkovale Iran.<\/li>\n\n\n\n<li>Teheran je odgovorio prijetnjama da \u0107e napasti ameri\u010dke interese u regionu, uklju\u010duju\u0107i luke i naftna skladi\u0161ta u Ujedinjenim Arapskim Emiratima.&nbsp;<\/li>\n\n\n\n<li>Iran je istovremeno najavio nove raketne udare i poru\u010dio da je Ukrajina postala legitimna meta zbog podr\u0161ke Izraelu.<\/li>\n<\/ul>\n\n\n\n<p><strong>Izrael: \u0160est balisti\u010dkih raketa ispaljeno iz Irana<\/strong><\/p>\n\n\n\n<p>\u0160est balisti\u010dkih raketa od pono\u0107i ispaljeno je iz Irana na Izrael, saop\u0161tila je izraelska vojska.<\/p>\n\n\n\n<p>Sirene za vazdu\u0161nu opasnost oglasile su se u centralnom i ju\u017enom dijelu Izraela, uklju\u010duju\u0107i i Tel Aviv.<\/p>\n\n\n\n<p>Nema izvje\u0161taja o povrije\u0111enima.<\/p>\n\n\n\n<p><strong>IRGC zaprijetila progonstvom i likvidacijom Netanjahua<\/strong><\/p>\n\n\n\n<p>Iranska Revolucionarna garda (IRGC) zaprijetila je da \u0107e izraelski premijer Benjamin Netanjahu biti njena meta, dok se rat sa Izraelom i Sjedinjenim Dr\u017eavama nastavlja.<\/p>\n\n\n\n<p>\u201eAko je zlo\u010dinac koji ubija djecu \u017eiv, nastavi\u0107emo da ga progonimo svim raspolo\u017eivim sredstvima\u201c, navodi IRGC.<\/p>\n\n\n\n<p>08:20<\/p>\n\n\n\n<p><strong>Tramp: Ne znam da li je \u017eiv novi iranski vrhovni verski vo\u0111a Mod\u017etabe Hamnei<\/strong><\/p>\n\n\n\n<p>Ameri\u010dki predsjednik Donald Tramp izjavio je da ne zna da li je \u017eiv novi vrhovni verski vo\u0111a Irana, ajatola Mod\u017etabe Hamnei, sin ubijenog iranskog vo\u0111e ajatole Alija Hamneija.<\/p>\n\n\n\n<p>\u201eNe znam da li je uop\u0161te \u017eiv. Do sada niko nije uspio da ga snimi\u201c, rekao je Tramp, podsje\u0107aju\u0107i da je Mod\u017etabe Hamnei svoju prvu izjavu dao u \u010detvrtak u pisanoj formi i nije se pojavio pred kamerama.<\/p>\n\n\n\n<p>Ameri\u010dki predsjednik je naveo da je dobio informacije da novi verski vo\u0111a Irana mo\u017eda nije \u017eiv.<\/p>\n\n\n\n<p>\u201eAko jeste, trebalo bi da uradi ne\u0161to veoma pametno za svoju zemlju, a to je predaja\u201c, poru\u010dio je Tramp.<\/p>\n\n\n\n<p>Tramp je tako\u0111e istakao da je Iran spreman na prekid vatre, ali da \u201euslovi jo\u0161 nisu dovoljno dobri\u201c za sklapanje takvog sporazuma.<\/p>\n\n\n\n<p><\/p>\n\n\n\n<p><strong>14 poginulih u izraelskim vazdu\u0161nim udarima na jugu Libana<\/strong><\/p>\n\n\n\n<p>14 poginulih, uklju\u010duju\u0107i \u010detvoro djece, u izraelskim vazdu\u0161nim udarima na jugu Libana, saop\u0161tilo je ministarstvo zdravlja Libana<\/p>\n\n\n\n<figure class=\"wp-block-embed is-type-rich is-provider-twitter wp-block-embed-twitter\"><div class=\"wp-block-embed__wrapper\">\n<blockquote class=\"twitter-tweet\" data-width=\"550\" data-dnt=\"true\"><p lang=\"en\" dir=\"ltr\">14 killed, including four children, in Israeli airstrikes in southern Lebanon, Lebanon\u2019s Health Ministry said Sunday <a href=\"https:\/\/t.co\/kjNEJiibmG\">https:\/\/t.co\/kjNEJiibmG<\/a> <a href=\"https:\/\/t.co\/EkiUm83NtI\">pic.twitter.com\/EkiUm83NtI<\/a><\/p>&mdash; Anadolu English (@anadoluagency) <a href=\"https:\/\/twitter.com\/anadoluagency\/status\/2033073589084139968?ref_src=twsrc%5Etfw\" target=\"_blank\" rel=\"noopener\">March 15, 2026<\/a><\/blockquote><script async src=\"https:\/\/platform.twitter.com\/widgets.js\" charset=\"utf-8\"><\/script>\n<\/div><\/figure>\n\n\n\n<p><strong>\u0160vajcarska odbila prelete ameri\u010dkih aviona<\/strong><\/p>\n\n\n\n<p>Vlada \u0160vajcarske odbila je dva zahtjeva Sjedinjenih Ameri\u010dkih Dr\u017eava za prelet vojnih izvi\u0111a\u010dkih aviona iznad \u0161vajcarske teritorije, pozivaju\u0107i se na pravila neutralnosti u kontekstu rata izme\u0111u SAD, Izraela i Irana, saop\u0161tilo je \u0161vajcarsko Savezno vije\u0107e.<\/p>\n\n\n\n<p>Vlada u Bernu navodi da je razmatrano vi\u0161e zahtjeva za prelet ameri\u010dkih vojnih i dr\u017eavnih vazduhoplova i odlu\u010dila je da odbije dva zahtjeva za prelet izvi\u0111a\u010dkih aviona planiranih za 15. mart.<\/p>\n\n\n\n<p>Istovremeno, odobren je let nakon zavr\u0161etka odr\u017eavanja, planiran za 17. mart, kao i dva zahtjeva za prelet transportnih aviona 15. marta.<\/p>\n\n\n\n<p>Za SAD i dalje va\u017ei godi\u0161nja dozvola za jasno definisane dr\u017eavne letjelice, ali ne obuhvata letove koji bi predstavljali vojnu podr\u0161ku u ratu izme\u0111u SAD, Izraela i Irana, dok su za sve druge letjelice potrebne pojedina\u010dne dozvole Savezne kancelarije za civilno vazduhoplovstvo.<\/p>\n\n\n\n<p>U saop\u0161tenju se isti\u010de da \u201epravo neutralnosti zabranjuje prelete strana u sukobu koji imaju vojnu svrhu\u201c.<\/p>\n\n\n\n<p><strong>Saudijska Arabija, UAE i Katar presreli vi\u0161e dronova iz Irana<\/strong><\/p>\n\n\n\n<p>Saudijska Arabija, Ujedinjeni Arapski Emirati i Katar saop\u0161tili su da su njihove snage jutros presrele vi\u0161e dronova koje je lansirao Iran.<\/p>\n\n\n\n<p>Ministarstvo odbrane Saudijske Arabije objavilo je da je presrelo i uni\u0161tilo sedam dronova u Rijadu i isto\u010dnom dijelu zemlje.<\/p>\n\n\n\n<p>I vlasti u Dubaiju i Kataru saop\u0161tile su da su njihovi sistemi PVO presreli vi\u0161e dronova.<\/p>\n\n\n\n<p>Kancelarija za medije Dubaija objavila je da su dronovi uspje\u0161no presretnuti u oblastima Marina i Al Sufuh.<\/p>\n\n\n\n<p>Katarsko ministarstvo odbrane navelo je da je u subotu presrelo \u010detiri balisti\u010dke rakete i nekoliko dronova koje je lansirao Iran.<\/p>","protected":false},"excerpt":{"rendered":"<p>Rat na Bliskom istoku u\u0161ao je u tre\u0107u sedmicu. Sukob SAD, Izraela i Irana dodatno je eskalirao nakon ameri\u010dkog napada na iransko ostrvo Harg. Izraelska vojska saop\u0161tila je da je od pono\u0107i iz Irana na Izrael ispaljeno \u0161est balisti\u010dkih raketa. S druge strane, Iranska revolucionarna garda obe\u0107ava da \u0107e progoniti i likvidirati izraelskog premijera Benjamina Netanjahua. Ameri\u010dki predsjednik Donald Tramp izjavio je da ne zna da li je novi vrhovni verski vo\u0111a Irana, ajatolah Mod\u017etaba Hamnei, \u017eiv.<\/p>","protected":false},"author":13,"featured_media":938535,"comment_status":"open","ping_status":"open","sticky":false,"template":"","format":"standard","meta":{"_acf_changed":false,"footnotes":"","jetpack_publicize_message":"","jetpack_publicize_feature_enabled":true,"jetpack_social_post_already_shared":true,"jetpack_social_options":{"image_generator_settings":{"template":"highway","default_image_id":0,"font":"","enabled":false},"version":2}},"categories":[14],"tags":[1524,70],"naslovna":[],"class_list":["post-938534","post","type-post","status-publish","format-standard","has-post-thumbnail","hentry","category-svijet","tag-iran","tag-sad"],"acf":[],"jetpack_publicize_connections":[],"_links":{"self":[{"href":"https:\/\/gradski.me\/en\/wp-json\/wp\/v2\/posts\/938534","targetHints":{"allow":["GET"]}}],"collection":[{"href":"https:\/\/gradski.me\/en\/wp-json\/wp\/v2\/posts"}],"about":[{"href":"https:\/\/gradski.me\/en\/wp-json\/wp\/v2\/types\/post"}],"author":[{"embeddable":true,"href":"https:\/\/gradski.me\/en\/wp-json\/wp\/v2\/users\/13"}],"replies":[{"embeddable":true,"href":"https:\/\/gradski.me\/en\/wp-json\/wp\/v2\/comments?post=938534"}],"version-history":[{"count":2,"href":"https:\/\/gradski.me\/en\/wp-json\/wp\/v2\/posts\/938534\/revisions"}],"predecessor-version":[{"id":938571,"href":"https:\/\/gradski.me\/en\/wp-json\/wp\/v2\/posts\/938534\/revisions\/938571"}],"wp:featuredmedia":[{"embeddable":true,"href":"https:\/\/gradski.me\/en\/wp-json\/wp\/v2\/media\/938535"}],"wp:attachment":[{"href":"https:\/\/gradski.me\/en\/wp-json\/wp\/v2\/media?parent=938534"}],"wp:term":[{"taxonomy":"category","embeddable":true,"href":"https:\/\/gradski.me\/en\/wp-json\/wp\/v2\/categories?post=938534"},{"taxonomy":"post_tag","embeddable":true,"href":"https:\/\/gradski.me\/en\/wp-json\/wp\/v2\/tags?post=938534"},{"taxonomy":"naslovna","embeddable":true,"href":"https:\/\/gradski.me\/en\/wp-json\/wp\/v2\/naslovna?post=938534"}],"curies":[{"name":"wp","href":"https:\/\/api.w.org\/{rel}","templated":true}]}}