{"id":938215,"date":"2026-03-14T20:18:00","date_gmt":"2026-03-14T19:18:00","guid":{"rendered":"https:\/\/gradski.me\/?p=938215"},"modified":"2026-03-14T18:37:06","modified_gmt":"2026-03-14T17:37:06","slug":"odlazak-legende-preminuo-gitarista-motorheada","status":"publish","type":"post","link":"https:\/\/gradski.me\/en\/zabava\/odlazak-legende-preminuo-gitarista-motorheada\/","title":{"rendered":"The passing of a legend: Motorhead guitarist passes away"},"content":{"rendered":"<p>Poruka glasi: &#8222;S velikom tugom objavljujemo vijest o smrti na\u0161eg voljenog oca, Filipa Entonija&nbsp; Kembela, koji je sino\u0107 mirno preminuo nakon duge i hrabre borbe na intenzivnoj njezi nakon slo\u017eene i velike operacije.&#8220;<\/p>\n\n\n\n<p>Nastavili su:<\/p>\n\n\n\n<p>&#8222;Fil je bio odan suprug, divan otac i ponosan i voljen djed, od milja poznat kao &#8216;Bampi&#8217;. Duboko su ga voljeli svi koji su ga poznavali i jako \u0107e nam nedostajati. Njegova ostav\u0161tina, muzika i uspomene koje je stvorio s toliko ljudi \u017eivje\u0107e zauvijek.&#8220;<\/p>\n\n\n\n<p>Za kraj je napisano:<\/p>\n\n\n\n<p>&#8222;Ljubazno molimo da se po\u0161tuje privatnost na\u0161e porodice tokom ovog nevjerovatno te\u0161kog vremena.&#8220;<\/p>\n\n\n\n<p>U februaru su Phil Campbell and the Bastard Sons otkazali svoje prethodno najavljene koncerte u Australiji i Evropi od marta do maja &#8222;zbog medicinskog savjeta koji je Fil upravo primio&#8220;.&nbsp;<\/p>\n\n\n\n<p>U to vrijeme nisu bili dostupni nikakvi dalji detalji.<\/p>\n\n\n\n<p>Kembel je bio \u010dlan Motorheada od 1984. do 2015., a posljednjih 20 godina postojanja benda bio je njihov jedini gitarista, pojavljuju\u0107i se na klasi\u010dnim izdanjima kao \u0161to su &#8222;Orgasmatron&#8220;, &#8222;1916&#8220; i &#8222;Bastards&#8220;, izme\u0111u ostalih.&nbsp;<\/p>\n\n\n\n<p>Smr\u0107u osniva\u010da Motorheada Lemija 2015. godine, bend je naglo prestao postojati.<\/p>","protected":false},"excerpt":{"rendered":"<p>Biv\u0161i gitarista Motorheada, Fil Kembel preminuo je u 64. godini. Vijest o njegovoj smrti objavljena je na dru\u0161tvenim mre\u017eama njegovog benda &#8222;Phil Campbell and the Bastard Sons&#8220;.<\/p>","protected":false},"author":13,"featured_media":938216,"comment_status":"open","ping_status":"open","sticky":false,"template":"","format":"standard","meta":{"_acf_changed":false,"footnotes":"","jetpack_publicize_message":"","jetpack_publicize_feature_enabled":true,"jetpack_social_post_already_shared":true,"jetpack_social_options":{"image_generator_settings":{"template":"highway","default_image_id":0,"font":"","enabled":false},"version":2}},"categories":[12],"tags":[27611,27610],"naslovna":[],"class_list":["post-938215","post","type-post","status-publish","format-standard","has-post-thumbnail","hentry","category-zabava","tag-filip-kembel","tag-motorhed"],"acf":[],"jetpack_publicize_connections":[],"_links":{"self":[{"href":"https:\/\/gradski.me\/en\/wp-json\/wp\/v2\/posts\/938215","targetHints":{"allow":["GET"]}}],"collection":[{"href":"https:\/\/gradski.me\/en\/wp-json\/wp\/v2\/posts"}],"about":[{"href":"https:\/\/gradski.me\/en\/wp-json\/wp\/v2\/types\/post"}],"author":[{"embeddable":true,"href":"https:\/\/gradski.me\/en\/wp-json\/wp\/v2\/users\/13"}],"replies":[{"embeddable":true,"href":"https:\/\/gradski.me\/en\/wp-json\/wp\/v2\/comments?post=938215"}],"version-history":[{"count":1,"href":"https:\/\/gradski.me\/en\/wp-json\/wp\/v2\/posts\/938215\/revisions"}],"predecessor-version":[{"id":938217,"href":"https:\/\/gradski.me\/en\/wp-json\/wp\/v2\/posts\/938215\/revisions\/938217"}],"wp:featuredmedia":[{"embeddable":true,"href":"https:\/\/gradski.me\/en\/wp-json\/wp\/v2\/media\/938216"}],"wp:attachment":[{"href":"https:\/\/gradski.me\/en\/wp-json\/wp\/v2\/media?parent=938215"}],"wp:term":[{"taxonomy":"category","embeddable":true,"href":"https:\/\/gradski.me\/en\/wp-json\/wp\/v2\/categories?post=938215"},{"taxonomy":"post_tag","embeddable":true,"href":"https:\/\/gradski.me\/en\/wp-json\/wp\/v2\/tags?post=938215"},{"taxonomy":"naslovna","embeddable":true,"href":"https:\/\/gradski.me\/en\/wp-json\/wp\/v2\/naslovna?post=938215"}],"curies":[{"name":"wp","href":"https:\/\/api.w.org\/{rel}","templated":true}]}}