{"id":937970,"date":"2026-03-13T21:04:20","date_gmt":"2026-03-13T20:04:20","guid":{"rendered":"https:\/\/gradski.me\/?p=937970"},"modified":"2026-03-14T15:15:44","modified_gmt":"2026-03-14T14:15:44","slug":"memorijal-andrija-delibasic-sutjeska-partizan-i-buducnost-za-nekadasnjeg-asa","status":"publish","type":"post","link":"https:\/\/gradski.me\/en\/sport\/memorijal-andrija-delibasic-sutjeska-partizan-i-buducnost-za-nekadasnjeg-asa\/","title":{"rendered":"\"Andrija Deliba\u0161i\u0107 Memorial: Sutjeska, Partizan and the Future for the Former Ace\""},"content":{"rendered":"<p><\/p>\n\n\n\n<p>Bi\u0107e to takozvani &#8222;trijagonale&#8220; (svako protiv svakog po 45 minuta).<\/p>\n\n\n\n<p>Deliba\u0161i\u0107 je priminuo 19. marta pro\u0161le godine, u 43. godini.<\/p>\n\n\n\n<p>&#8222;Ideja je da prvi Memorijal bude odr\u017ean u Nik\u0161i\u0107u, gdje je po\u010deo karijeru, da naredne godine turnir bude odr\u017ean u Beogradu, gdje se igra\u010dki potpuno afirmisao, a tre\u0107i u Podgorici, gdje je bio trener i sportski direktor Budu\u0107nosti&#8220;, kazao je Danko Lazovi\u0107, saigra\u010d Andrijin u Partizanu, na dana\u0161noj konferenciji za novinare u Podgorici.<\/p>\n\n\n\n<p>Kazao je da mu je \u010dast \u0161to ga je poznavao.<\/p>\n\n\n\n<p>&#8222;Te\u0161ko mi je da pri\u010dam o Andriji, on je moj kum, moj \u017eivot u Partizanu je po\u010deo sa mnom. \u010cast mi je \u0161to sam poznavao takvog \u010dovjeka, \u0161to sam upoznao njegovu divnu porodicu&#8230;&#8220;, emotivno je pri\u010dao Lazovi\u0107.<\/p>\n\n\n\n<p>Andrijin sin Andrej zahvalio se organizatorima u ime porodice i kazao da im puno zna\u010de ovakve stvari.<\/p>\n\n\n\n<p>&#8222;Puno nam zna\u010de ovakve stvari, sve je mnogo emotivno, vra\u0107aju nam uspomenu na njega. I zato hvala organizatorima, voljeli bismo da ovo postane tradicija, da se igra u Nik\u0161i\u0107u, Beogradu i Podgorici&#8220;, kazao je Andrej.<\/p>\n\n\n\n<p>Direktor Sutjeske Jovan Papovi\u0107, kazao je da je Andrija bio \u010dovjek i fudbaler za primjer.<\/p>\n\n\n\n<p>&#8222;Andrija nije samo bio veliki fudbaler i reprezentativac, ve\u0107 i \u010dovjek za primjer. I na\u0161em klubu je \u010dast da bude jedan od organizatora turnira koji je njemu posve\u0107en&#8220;, kazao je Papovi\u0107.<\/p>\n\n\n\n<p>Direktor Budu\u0107nosti Predrag Ka\u017ei\u0107 kazao je da ljudi poput Andrije vje\u010dno \u017eive.<\/p>\n\n\n\n<p>&#8222;On se ne pominje, takvi ljudi vje\u010dno \u017eive, on treba da slu\u017ei kao svijetla ta\u010dka svakog kolektiva \u010diji je bio \u010dlan, pa i Budu\u0107nosti. Drago mi je \u0161to je i na\u0161 klub dio ne\u010dega \u0161to \u0107e postati tradicija&#8220;, istakao je Ka\u017ei\u0107.<\/p>\n\n\n\n<p>Andrija Deliba\u0161i\u0107 je odigrao 21 me\u010d za crnogorsku reprezentaciju, postigao je \u0161est golova.<\/p>\n\n\n\n<p>&#8222;Njegujemo uspomene na Andriju i sve \u0161to nam je dao&#8220;, kazao je ispred Fudbalskog saveza Crne Gore Branko Latinovi\u0107.<\/p>\n\n\n\n<p>Deliba\u0161i\u0107 je ponikao u Sutjesci, odakle je Pre\u0161ao u Partizan.<\/p>\n\n\n\n<p>&#8222;Hvala klubovima na inicijativi, ovo je mnogo lijep na\u010din da mu se odu\u017ee za sve \u0161to im je dao, ali i za crnogorsku reprezentaciju. Citira\u0107u predsjednika Saveza Dejana Savi\u0107evi\u0107a, koji je rekao da \u010dekamo nekog novog Andriju, da se ponovo pojavi na drugoj stativi i odvede Crnu Goru na veliko takmi\u010denje&#8220;, kazao je Latinovi\u0107.<\/p>\n\n\n\n<p>U prvom od tri &#8222;poluvremena&#8220; Memorijala igra\u0107e Sutjeska i Partizan, potom Budu\u0107nost &#8211; Partizan, na kraju Sutjeska &#8211; Budu\u0107nost. Po\u010detak je zakazan za 18 \u010dasova.<\/p>","protected":false},"excerpt":{"rendered":"<p>Prvi &#8222;Memorijal Andrija Deliba\u0161i\u0107&#8220;, posve\u0107en preminulom nekada\u0161njem crnogorskom reprezntativcu, odr\u017ea\u0107e se 25. marta na stadionu kraj Bistrice. U\u010destvova\u0107e tri kluba koja su imala va\u017enu ulogu u Andrijinoj karijeri, kako onoj na terenu, tako i van njega &#8211; Sutjeska, Partizan i Budu\u0107nost.<\/p>","protected":false},"author":14,"featured_media":937971,"comment_status":"open","ping_status":"open","sticky":false,"template":"","format":"standard","meta":{"_acf_changed":false,"footnotes":"","jetpack_publicize_message":"","jetpack_publicize_feature_enabled":true,"jetpack_social_post_already_shared":true,"jetpack_social_options":{"image_generator_settings":{"template":"highway","default_image_id":0,"font":"","enabled":false},"version":2}},"categories":[15],"tags":[27577,3105,8501,11092],"naslovna":[],"class_list":["post-937970","post","type-post","status-publish","format-standard","has-post-thumbnail","hentry","category-sport","tag-memorijal-andrija-delibasic","tag-buducnost","tag-partizan","tag-sutjeska"],"acf":[],"jetpack_publicize_connections":[],"_links":{"self":[{"href":"https:\/\/gradski.me\/en\/wp-json\/wp\/v2\/posts\/937970","targetHints":{"allow":["GET"]}}],"collection":[{"href":"https:\/\/gradski.me\/en\/wp-json\/wp\/v2\/posts"}],"about":[{"href":"https:\/\/gradski.me\/en\/wp-json\/wp\/v2\/types\/post"}],"author":[{"embeddable":true,"href":"https:\/\/gradski.me\/en\/wp-json\/wp\/v2\/users\/14"}],"replies":[{"embeddable":true,"href":"https:\/\/gradski.me\/en\/wp-json\/wp\/v2\/comments?post=937970"}],"version-history":[{"count":1,"href":"https:\/\/gradski.me\/en\/wp-json\/wp\/v2\/posts\/937970\/revisions"}],"predecessor-version":[{"id":937972,"href":"https:\/\/gradski.me\/en\/wp-json\/wp\/v2\/posts\/937970\/revisions\/937972"}],"wp:featuredmedia":[{"embeddable":true,"href":"https:\/\/gradski.me\/en\/wp-json\/wp\/v2\/media\/937971"}],"wp:attachment":[{"href":"https:\/\/gradski.me\/en\/wp-json\/wp\/v2\/media?parent=937970"}],"wp:term":[{"taxonomy":"category","embeddable":true,"href":"https:\/\/gradski.me\/en\/wp-json\/wp\/v2\/categories?post=937970"},{"taxonomy":"post_tag","embeddable":true,"href":"https:\/\/gradski.me\/en\/wp-json\/wp\/v2\/tags?post=937970"},{"taxonomy":"naslovna","embeddable":true,"href":"https:\/\/gradski.me\/en\/wp-json\/wp\/v2\/naslovna?post=937970"}],"curies":[{"name":"wp","href":"https:\/\/api.w.org\/{rel}","templated":true}]}}