{"id":937796,"date":"2026-03-13T16:16:00","date_gmt":"2026-03-13T15:16:00","guid":{"rendered":"https:\/\/gradski.me\/?p=937796"},"modified":"2026-03-13T16:16:07","modified_gmt":"2026-03-13T15:16:07","slug":"jacanje-saradnje-drzave-i-opstina-kljucno-za-razvoj-saobracaja-i-koriscenje-eu-fondova","status":"publish","type":"post","link":"https:\/\/gradski.me\/en\/ekonomija\/jacanje-saradnje-drzave-i-opstina-kljucno-za-razvoj-saobracaja-i-koriscenje-eu-fondova\/","title":{"rendered":"Strengthening cooperation between the state and municipalities is crucial for the development of transport and the use of EU funds"},"content":{"rendered":"<p>Ja\u010danje saradnje izme\u0111u dr\u017eavnih institucija i lokalnih samouprava klju\u010dno je kako bi Crna Gora u narednom periodu efikasnije koristila mogu\u0107nosti finansiranja iz fondova Evropske unije u oblasti saobra\u0107aja, ocijenjeno je na radnom sastanku Tematske mre\u017ee za saobra\u0107aj.<\/p>\n\n\n\n<p>Bojana Lakovi\u0107, v.d. Generalne direktorice u Ministarstvu saobra\u0107aja predstavila je klju\u010dne aktivnosti tog vladinog resora u oblasti strate\u0161kog planiranja i uskla\u0111ivanja sa evropskim standardima u sektoru saobra\u0107aja.<\/p>\n\n\n\n<p>Ona je informisala u\u010desnike da je u toku druga faza a\u017euriranja Strategije razvoja saobra\u0107aja Crne Gore za period 2019\u20132035, \u010dije se usvajanje o\u010dekuje u \u010detvrtom kvartalu 2026. godine. Kako je pojasnila, a\u017eurirana strategija donije\u0107e jasnije definisanu viziju razvoja transportnog sistema, nove projekcije razvoja saobra\u0107aja, kao i listu prioritetnih infrastrukturnih i razvojnih mjera.<\/p>\n\n\n\n<p>Lakovi\u0107 je govorila i o implementaciji Zakona o prevozu u drumskom saobra\u0107aju, sa posebnim osvrtom na nadle\u017enosti jedinica lokalne samouprave, kao i o aktivnostima koje se sprovode u okviru Reformske agende u sektoru saobra\u0107aja, u kojima zna\u010dajnu ulogu imaju i op\u0161tine.<\/p>\n\n\n\n<p>Poseban dio prezentacije bio je posve\u0107en uvo\u0111enju inteligentnih transportnih sistema (ITS), kao jednom od klju\u010dnih pravaca modernizacije saobra\u0107aja u Crnoj Gori. Lakovi\u0107 je podsjetila da dr\u017eava sprovodi Program razvoja ITS sistema za period 2022\u20132026, dok se uz podr\u0161ku Evropske banke za obnovu i razvoj (EBRD) priprema implementacija sistema na dr\u017eavnim putevima, a raspisivanje tendera za izvo\u0111a\u010da radova o\u010dekuje se sredinom 2026. godine.<\/p>\n\n\n\n<p>Tokom sastanka predstavljen je i Instrument za povezivanje Evrope (CEF), finansijski instrument EU namijenjen razvoju saobra\u0107ajne, energetske i digitalne infrastrukture, koji pored velikih projekata na dr\u017eavnom nivou otvara mogu\u0107nosti i za uklju\u010divanje lokalnih samouprava kroz projekte odr\u017eive urbane mobilnosti i unapre\u0111enja lokalne saobra\u0107ajne infrastrukture.<\/p>\n\n\n\n<p>Anja Belojevi\u0107, savjetnica u Ministarstvu saobra\u0107aja je istakla da \u0107e u narednom periodu va\u017enu ulogu imati i lokalne samouprave, od kojih se o\u010dekuje intenziviranje aktivnosti na uvo\u0111enju naprednih rje\u0161enja za upravljanje saobra\u0107ajem u gradskim sredinama.<\/p>\n\n\n\n<p>Vo\u0111a projekta \u201cOp\u0161tine za EU\u201d Branka Mra\u010devi\u0107 kazala je da, kako se dinamika pregovara\u010dkog procesa ubrzava, sve je va\u017enije da jedinice lokalne samouprave budu pravovremeno informisane, uklju\u010dene u reformske procese i spremne da primjenjuju nove politike i propise koji proizilaze iz evropskog zakonodavstva.<\/p>\n\n\n\n<p>Tematske mre\u017ee formirane su potpisivanjem Memoranduma o saradnji izme\u0111u 25 op\u0161tina i resornih ministarstava u decembru 2024. godine, sa ciljem ja\u010danja koordinacije izme\u0111u dr\u017eavnog i lokalnog nivoa, razmjene informacija i unapre\u0111enja kapaciteta op\u0161tina za planiranje i realizaciju projekata u procesu evropskih integracija.<\/p>\n\n\n\n<p>Radni sastanak organizovali su Ministarstvo saobra\u0107aja, Zajednica op\u0161tina Crne Gore i projekat \u201eOp\u0161tine za EU \u2013 Osna\u017eivanje lokalnih zajednica u procesu EU integracija Crne Gore\u201c, koji finansira Evropska unija.<\/p>","protected":false},"excerpt":{"rendered":"<p>Kako se dinamika pregovara\u010dkog procesa Ubrzavanjem dinamike pregovara\u010dkog procesa va\u017eno je da jedinice lokalne samouprave budu pravovremeno informisane, uklju\u010dene u reformske procese i spremne da primjenjuju nove politike i propise, ocjena je u\u010desnika skupa.<\/p>","protected":false},"author":20,"featured_media":937800,"comment_status":"open","ping_status":"open","sticky":false,"template":"","format":"standard","meta":{"_acf_changed":false,"footnotes":"","jetpack_publicize_message":"","jetpack_publicize_feature_enabled":true,"jetpack_social_post_already_shared":true,"jetpack_social_options":{"image_generator_settings":{"template":"highway","default_image_id":0,"font":"","enabled":false},"version":2}},"categories":[8],"tags":[27539,484,5622],"naslovna":[],"class_list":["post-937796","post","type-post","status-publish","format-standard","has-post-thumbnail","hentry","category-ekonomija","tag-bojana-lakovic","tag-ministarstvo-saobracaja","tag-zajednica-opstina-cg"],"acf":[],"jetpack_publicize_connections":[],"_links":{"self":[{"href":"https:\/\/gradski.me\/en\/wp-json\/wp\/v2\/posts\/937796","targetHints":{"allow":["GET"]}}],"collection":[{"href":"https:\/\/gradski.me\/en\/wp-json\/wp\/v2\/posts"}],"about":[{"href":"https:\/\/gradski.me\/en\/wp-json\/wp\/v2\/types\/post"}],"author":[{"embeddable":true,"href":"https:\/\/gradski.me\/en\/wp-json\/wp\/v2\/users\/20"}],"replies":[{"embeddable":true,"href":"https:\/\/gradski.me\/en\/wp-json\/wp\/v2\/comments?post=937796"}],"version-history":[{"count":3,"href":"https:\/\/gradski.me\/en\/wp-json\/wp\/v2\/posts\/937796\/revisions"}],"predecessor-version":[{"id":937809,"href":"https:\/\/gradski.me\/en\/wp-json\/wp\/v2\/posts\/937796\/revisions\/937809"}],"wp:featuredmedia":[{"embeddable":true,"href":"https:\/\/gradski.me\/en\/wp-json\/wp\/v2\/media\/937800"}],"wp:attachment":[{"href":"https:\/\/gradski.me\/en\/wp-json\/wp\/v2\/media?parent=937796"}],"wp:term":[{"taxonomy":"category","embeddable":true,"href":"https:\/\/gradski.me\/en\/wp-json\/wp\/v2\/categories?post=937796"},{"taxonomy":"post_tag","embeddable":true,"href":"https:\/\/gradski.me\/en\/wp-json\/wp\/v2\/tags?post=937796"},{"taxonomy":"naslovna","embeddable":true,"href":"https:\/\/gradski.me\/en\/wp-json\/wp\/v2\/naslovna?post=937796"}],"curies":[{"name":"wp","href":"https:\/\/api.w.org\/{rel}","templated":true}]}}