{"id":937605,"date":"2026-03-13T11:00:00","date_gmt":"2026-03-13T10:00:00","guid":{"rendered":"https:\/\/gradski.me\/?p=937605"},"modified":"2026-03-13T20:34:20","modified_gmt":"2026-03-13T19:34:20","slug":"nastavljena-sjednica-so-pljevlja-prisutni-svi-odbornici-nsd","status":"publish","type":"post","link":"https:\/\/gradski.me\/en\/politika\/nastavljena-sjednica-so-pljevlja-prisutni-svi-odbornici-nsd\/","title":{"rendered":"Vrane\u0161: The attempt to break up the NSD and the coalition in Pljevlja failed"},"content":{"rendered":"<p>Sjednici prisustvuje 25 od 34 odbornika, a prvi put nakon vi\u0161e mjeseci prisutni su svi odbornici Nove srpske demokratije.<\/p>\n\n\n\n<p>Predsjednik Op\u0161tine Pljevlja Dario Vrane\u0161 kazao je da nije uspio poku\u0161aj da se razbije Nova srpska demokratija (NSD).<\/p>\n\n\n\n<p><img decoding=\"async\" width=\"100%\" alt=\"\" src=\"https:\/\/rtcg.me\/upload\/\/media\/2026\/2\/13\/10\/12\/117\/2460798\/resize\/2460801\/viber_slika_2026-03-13_10-23-27-189_506x900\" title=\"\"><em>&nbsp;(Foto: RTCG)<\/em><\/p>\n\n\n\n<p>&#8222;Svi oni koji su imali namjeru da razbiju Novu srpsku demokratiju iz koje ja dolazim i na\u0161u koaliciju radi nekih svojih interesa nisu uspjeli. Mi smo svi ovde jedinstveni i Nova srpska demokratija i na\u0161e uva\u017eene kolege sa kojima tvorimo vlast&#8220;, kazao je on.<\/p>\n\n\n\n<p>Naglasio je da svi odbornici SO Pljevlja, bez izuzetka, imaju najbolje namjere prema svim gra\u0111anima Pljevalja.<\/p>\n\n\n\n<p>&#8222;Tako je bilo, tako \u0107e biti i ubudu\u0107e i tako \u0107e biti i oko ovoga bud\u017eeta. Bud\u017eet je dobro koncipiran, naravno, i na sugestije sve \u0107emo da se dogovorimo, uva\u017eimo ih, a na nama je da nastavimo zajedno da radimo ve\u0107 koliko je danas. Velikih 15 projekata, potpisanih ugovora, \u010deka Pljevlja. Nastavljamo zajedno da radimo jedinstveno jer razvoj op\u0161tine ne mo\u017ee niko zaustaviti&#8220;, zaklju\u010dio je on.<\/p>","protected":false},"excerpt":{"rendered":"<p>Nastavljena je vi\u0161e puta odlagana sjednica Sku\u0161tina op\u0161tine Pljevlja na kojoj bi, izme\u0111u ostalog, trebalo da se usvoji bud\u017eet za ovu godinu. Usvojen je dnevni red i po\u010dela je rasprava o bud\u017eetu. Predsjednik Op\u0161tine Pljevlja Dario Vrane\u0161 kazao je da nije uspio poku\u0161aj da se razbije Nova srpska demokratija (NSD) i koalicija u Pljevljima. Poru\u010dio je da je bud\u017eet dobro koncipiran te da razvoj op\u0161tine niko ne mo\u017ee zaustaviti.<\/p>","protected":false},"author":13,"featured_media":937608,"comment_status":"open","ping_status":"open","sticky":false,"template":"","format":"standard","meta":{"_acf_changed":false,"footnotes":"","jetpack_publicize_message":"","jetpack_publicize_feature_enabled":true,"jetpack_social_post_already_shared":true,"jetpack_social_options":{"image_generator_settings":{"template":"highway","default_image_id":0,"font":"","enabled":false},"version":2}},"categories":[7],"tags":[1572,2346],"naslovna":[],"class_list":["post-937605","post","type-post","status-publish","format-standard","has-post-thumbnail","hentry","category-politika","tag-nsd","tag-pljevlja"],"acf":[],"jetpack_publicize_connections":[],"_links":{"self":[{"href":"https:\/\/gradski.me\/en\/wp-json\/wp\/v2\/posts\/937605","targetHints":{"allow":["GET"]}}],"collection":[{"href":"https:\/\/gradski.me\/en\/wp-json\/wp\/v2\/posts"}],"about":[{"href":"https:\/\/gradski.me\/en\/wp-json\/wp\/v2\/types\/post"}],"author":[{"embeddable":true,"href":"https:\/\/gradski.me\/en\/wp-json\/wp\/v2\/users\/13"}],"replies":[{"embeddable":true,"href":"https:\/\/gradski.me\/en\/wp-json\/wp\/v2\/comments?post=937605"}],"version-history":[{"count":2,"href":"https:\/\/gradski.me\/en\/wp-json\/wp\/v2\/posts\/937605\/revisions"}],"predecessor-version":[{"id":937624,"href":"https:\/\/gradski.me\/en\/wp-json\/wp\/v2\/posts\/937605\/revisions\/937624"}],"wp:featuredmedia":[{"embeddable":true,"href":"https:\/\/gradski.me\/en\/wp-json\/wp\/v2\/media\/937608"}],"wp:attachment":[{"href":"https:\/\/gradski.me\/en\/wp-json\/wp\/v2\/media?parent=937605"}],"wp:term":[{"taxonomy":"category","embeddable":true,"href":"https:\/\/gradski.me\/en\/wp-json\/wp\/v2\/categories?post=937605"},{"taxonomy":"post_tag","embeddable":true,"href":"https:\/\/gradski.me\/en\/wp-json\/wp\/v2\/tags?post=937605"},{"taxonomy":"naslovna","embeddable":true,"href":"https:\/\/gradski.me\/en\/wp-json\/wp\/v2\/naslovna?post=937605"}],"curies":[{"name":"wp","href":"https:\/\/api.w.org\/{rel}","templated":true}]}}