{"id":937555,"date":"2026-03-13T09:50:00","date_gmt":"2026-03-13T08:50:00","guid":{"rendered":"https:\/\/gradski.me\/?p=937555"},"modified":"2026-03-13T08:26:47","modified_gmt":"2026-03-13T07:26:47","slug":"legalni-abortusi-u-poljskoj-udvostruceni-uprkos-strogoj-zabrani","status":"publish","type":"post","link":"https:\/\/gradski.me\/en\/svijet\/legalni-abortusi-u-poljskoj-udvostruceni-uprkos-strogoj-zabrani\/","title":{"rendered":"Legal abortions in Poland double despite strict ban"},"content":{"rendered":"<p><\/p>\n\n\n\n<p>Prete\u017eno katoli\u010dka zemlja, Poljska je uvela gotovo potpunu zabranu abortusa 2021. godine pod prethodnom nacionalisti\u010dkom vladom, nakon \u0161to je prekid trudno\u0107e zbog fetalnih abnormalnosti progla\u0161en neustavnim.<\/p>\n\n\n\n<p>Proevropska koalicija premijera&nbsp;<strong>Donald Tuska<\/strong>&nbsp;pobijedila je 2023. godine na izborima dijelom i zbog obe\u0107anja da \u0107e ubla\u017eiti ograni\u010denja za abortus, ali do sada nije uspjela da postigne dogovor o zakonu, prenosi N1.<\/p>\n\n\n\n<p>Iako je poljski predsjednik&nbsp;<strong>Karol Navrocki<\/strong>&nbsp;nagovestio da \u0107e blokirati svaki poku\u0161aj liberalizacije prava na abortus, Tuskova vlada je preduzela korake da oja\u010da primjenu postoje\u0107eg zakona, pa je dala preporuke bolnicama, ali i tu\u017eila\u0161tvima, u kojima je pojasnila da je legalan abortus koji se obavlja zbog mentalnog zdravlja \u017eene i naglasila da su sve bolnice obavezne da obezbijede tu proceduru.<\/p>\n\n\n\n<p>Komitet ministara SE, koji nadgleda primjenu odluka Evropskog suda za ljudska prava, saop\u0161tio je da akcije poljske vlade \u201cizgleda da donose rezultate u praksi\u201d.<\/p>\n\n\n\n<p>\u201cBroj legalnih abortusa udvostru\u010dava se iz godine u godinu i nije bilo skoro \u017ealbi zbog odbijanja abortusa na osnovu klauzule savjesti\u201d, saop\u0161tio je Komitet ministara SE, ali je izrazio \u017ealjenje zbog izostanka progresa u vezi sa usvajanjem zakona koji bi obezbijedio siguran prekid trudno\u0107e.<\/p>\n\n\n\n<p>Podaci Ministarstva zdravlja pokazuju da je 2024. godine u poljskim bolnicama obavljeno bezmalo 900 legalnih abortusa, dok ih je godinu ranije bilo 425.<\/p>\n\n\n\n<p>U prvoj polovini 2025. godine bilo je 411 legalnih abortusa, a podaci za cijelu pro\u0161lu godinu nisu dostupni.<\/p>\n\n\n\n<p>Prije 2021. godine i poo\u0161travanja zakona u vezi sa abortusom, godi\u0161nje je obavljano vi\u0161e od hiljadu prekida trudno\u0107e, a gotovo svi slu\u010dajevi bili su u vezi sa abnormalnostima fetusa.<\/p>","protected":false},"excerpt":{"rendered":"<p>Broj legalnih abortusa udvostru\u010den je u Poljskoj tokom 2024. godine, a \u017ealbe Evropskom sudu za ljudska prava zbog odbijanja izvr\u0161enja prekida trudno\u0107e na osnovu klauzule savjesti obustavljene su, saop\u0161tio je Savjet Evrope, pi\u0161e Fonet.<\/p>","protected":false},"author":13,"featured_media":919666,"comment_status":"open","ping_status":"open","sticky":false,"template":"","format":"standard","meta":{"_acf_changed":false,"footnotes":"","jetpack_publicize_message":"","jetpack_publicize_feature_enabled":true,"jetpack_social_post_already_shared":true,"jetpack_social_options":{"image_generator_settings":{"template":"highway","default_image_id":0,"font":"","enabled":false},"version":2}},"categories":[14],"tags":[27516,562],"naslovna":[],"class_list":["post-937555","post","type-post","status-publish","format-standard","has-post-thumbnail","hentry","category-svijet","tag-legalni-abortusi","tag-poljska"],"acf":[],"jetpack_publicize_connections":[],"_links":{"self":[{"href":"https:\/\/gradski.me\/en\/wp-json\/wp\/v2\/posts\/937555","targetHints":{"allow":["GET"]}}],"collection":[{"href":"https:\/\/gradski.me\/en\/wp-json\/wp\/v2\/posts"}],"about":[{"href":"https:\/\/gradski.me\/en\/wp-json\/wp\/v2\/types\/post"}],"author":[{"embeddable":true,"href":"https:\/\/gradski.me\/en\/wp-json\/wp\/v2\/users\/13"}],"replies":[{"embeddable":true,"href":"https:\/\/gradski.me\/en\/wp-json\/wp\/v2\/comments?post=937555"}],"version-history":[{"count":1,"href":"https:\/\/gradski.me\/en\/wp-json\/wp\/v2\/posts\/937555\/revisions"}],"predecessor-version":[{"id":937556,"href":"https:\/\/gradski.me\/en\/wp-json\/wp\/v2\/posts\/937555\/revisions\/937556"}],"wp:featuredmedia":[{"embeddable":true,"href":"https:\/\/gradski.me\/en\/wp-json\/wp\/v2\/media\/919666"}],"wp:attachment":[{"href":"https:\/\/gradski.me\/en\/wp-json\/wp\/v2\/media?parent=937555"}],"wp:term":[{"taxonomy":"category","embeddable":true,"href":"https:\/\/gradski.me\/en\/wp-json\/wp\/v2\/categories?post=937555"},{"taxonomy":"post_tag","embeddable":true,"href":"https:\/\/gradski.me\/en\/wp-json\/wp\/v2\/tags?post=937555"},{"taxonomy":"naslovna","embeddable":true,"href":"https:\/\/gradski.me\/en\/wp-json\/wp\/v2\/naslovna?post=937555"}],"curies":[{"name":"wp","href":"https:\/\/api.w.org\/{rel}","templated":true}]}}