{"id":937334,"date":"2026-03-12T17:30:00","date_gmt":"2026-03-12T16:30:00","guid":{"rendered":"https:\/\/gradski.me\/?p=937334"},"modified":"2026-03-12T17:02:21","modified_gmt":"2026-03-12T16:02:21","slug":"haos-u-briselu-80-000-demonstranata-protiv-vlade","status":"publish","type":"post","link":"https:\/\/gradski.me\/en\/svijet\/haos-u-briselu-80-000-demonstranata-protiv-vlade\/","title":{"rendered":"Chaos in Brussels: 80,000 protesters against the government"},"content":{"rendered":"<p><\/p>\n\n\n\n<p>Demonstracije, koje su organizovali brojni sindikati, uslijedile su nakon tri dana poreme\u0107aja u \u017eeljezni\u010dkom saobra\u0107aju uzrokovanih \u0161trajkom u \u017eeljezni\u010dkom sektoru.<\/p>\n\n\n\n<p>Demonstranti su se okupili u blizini \u017eeljezni\u010dke stanice Brisel-Sjever oko 10.00 sati po lokalnom vremenu, a od 11.00 sati mar\u0161irali su prema stanici Brisel-Midi.<\/p>\n\n\n\n<p>Protestanti su pozivali na sigurnost radnih mjesta, bolje uslove rada, ve\u0107i prostor za pregovore o radu i pobolj\u0161anje penzionih sistema.<\/p>\n\n\n\n<h2 class=\"wp-block-heading\">Grad u kolapsu<\/h2>\n\n\n\n<p>Zbog demonstracija zabilje\u017eeni su veliki poreme\u0107aji u javnom prevozu i vazdu\u0161nom saobra\u0107aju.<\/p>\n\n\n\n<p>Nijedan putni\u010dki let nije poletio s aerodroma u Briselu, gdje je pogo\u0111eno otprilike 42.500 putnika, dok je aerodrom &#8222;Brisel Ju\u017eni \u0160arloa&#8220; potpuno stao.<\/p>\n\n\n\n<p>Sindikati obrazovanja tako\u0111e su u\u010destvovali u nacionalnom danu akcije. Pogo\u0111ene su i druge usluge, uklju\u010duju\u0107i odvoz otpada, centre za recikliranje i brigu o djeci.<\/p>\n\n\n\n<h2 class=\"wp-block-heading\">I politi\u010dke vo\u0111e prisustvovale<\/h2>\n\n\n\n<p>Vo\u0111e Socijalisti\u010dke stranke (PS) i Radni\u010dke stranke Belgije (PTB) pridru\u017eile su se protestu.<\/p>\n\n\n\n<p>Do sukoba je do\u0161lo u blizini ameri\u010dke ambasade u Briselu u Kunst-Vetu, gdje je policija upotrijebila suzavac kako bi rastjerala grupu &#8222;krajnje ljevi\u010darskih, antifa\u0161isti\u010dkih aktivista&#8220;, prema izvje\u0161taju VRT-a. Demonstranti su kasnije potisnuti i nastavili su mar\u0161irati.<\/p>\n\n\n\n<p>Policija je izvijestila o 80.000 u\u010desnika demonstracija, dok je sindikat ABVV ranije procijenio da ih je bilo 100.000.<\/p>\n\n\n\n<p>Vlasti su izjavile da je oko 50 ljudi administrativno pritvoreno tokom demonstracija radi odr\u017eavanja reda, navodi &#8222;<a href=\"https:\/\/www.aa.com.tr\/en\/europe\/80-000-march-in-brussels-to-protest-government-austerity-measures\/3861905\" rel=\"noreferrer noopener\" target=\"_blank\">Anatolia<\/a>\u201e.<\/p>","protected":false},"excerpt":{"rendered":"<p>Hiljade demonstranata iza\u0161lo je u \u010detvrtak na ulice Brisela kako bi osudili mjere \u0161tednje i reforme koje je uvela belgijska savezna vlada, remete\u0107i usluge \u0161irom glavnog grada Belgije.<\/p>","protected":false},"author":14,"featured_media":937344,"comment_status":"open","ping_status":"open","sticky":false,"template":"","format":"standard","meta":{"_acf_changed":false,"footnotes":"","jetpack_publicize_message":"","jetpack_publicize_feature_enabled":true,"jetpack_social_post_already_shared":true,"jetpack_social_options":{"image_generator_settings":{"template":"highway","default_image_id":0,"font":"","enabled":false},"version":2}},"categories":[14],"tags":[4743,17740,2043,1168],"naslovna":[],"class_list":["post-937334","post","type-post","status-publish","format-standard","has-post-thumbnail","hentry","category-svijet","tag-brisel","tag-demonstranti","tag-haos","tag-vlada"],"acf":[],"jetpack_publicize_connections":[],"_links":{"self":[{"href":"https:\/\/gradski.me\/en\/wp-json\/wp\/v2\/posts\/937334","targetHints":{"allow":["GET"]}}],"collection":[{"href":"https:\/\/gradski.me\/en\/wp-json\/wp\/v2\/posts"}],"about":[{"href":"https:\/\/gradski.me\/en\/wp-json\/wp\/v2\/types\/post"}],"author":[{"embeddable":true,"href":"https:\/\/gradski.me\/en\/wp-json\/wp\/v2\/users\/14"}],"replies":[{"embeddable":true,"href":"https:\/\/gradski.me\/en\/wp-json\/wp\/v2\/comments?post=937334"}],"version-history":[{"count":1,"href":"https:\/\/gradski.me\/en\/wp-json\/wp\/v2\/posts\/937334\/revisions"}],"predecessor-version":[{"id":937345,"href":"https:\/\/gradski.me\/en\/wp-json\/wp\/v2\/posts\/937334\/revisions\/937345"}],"wp:featuredmedia":[{"embeddable":true,"href":"https:\/\/gradski.me\/en\/wp-json\/wp\/v2\/media\/937344"}],"wp:attachment":[{"href":"https:\/\/gradski.me\/en\/wp-json\/wp\/v2\/media?parent=937334"}],"wp:term":[{"taxonomy":"category","embeddable":true,"href":"https:\/\/gradski.me\/en\/wp-json\/wp\/v2\/categories?post=937334"},{"taxonomy":"post_tag","embeddable":true,"href":"https:\/\/gradski.me\/en\/wp-json\/wp\/v2\/tags?post=937334"},{"taxonomy":"naslovna","embeddable":true,"href":"https:\/\/gradski.me\/en\/wp-json\/wp\/v2\/naslovna?post=937334"}],"curies":[{"name":"wp","href":"https:\/\/api.w.org\/{rel}","templated":true}]}}