{"id":937267,"date":"2026-03-12T18:04:00","date_gmt":"2026-03-12T17:04:00","guid":{"rendered":"https:\/\/gradski.me\/?p=937267"},"modified":"2026-03-12T15:43:04","modified_gmt":"2026-03-12T14:43:04","slug":"unicef-od-pocetka-rata-na-bliskom-istoku-1-100-djece-poginulo-ili-ranjeno","status":"publish","type":"post","link":"https:\/\/gradski.me\/en\/svijet\/unicef-od-pocetka-rata-na-bliskom-istoku-1-100-djece-poginulo-ili-ranjeno\/","title":{"rendered":"UNICEF: 1,100 children killed or wounded since the start of the war in the Middle East"},"content":{"rendered":"<p>Opisuju\u0107i situaciju za djecu u tom regionu kao katastrofalnu, naveli su da je 200 djece navodno poginulo u Iranu, 91 u Libanu, \u010detiri u Izraelu i jedno u Kuvajtu.<\/p>\n\n\n\n<p>O\u010dekuje se da \u0107e ti brojevi rasti kako se nasilje \u0161iri.<\/p>\n\n\n\n<p>&#8222;Milioni djece nemaju pristup obrazovanju, dok su stotine hiljada raseljene zbog neprestanog bombardovanja. Civilna infrastruktura, uklju\u010duju\u0107i bolnice, \u0161kole i sisteme za snabdevanje vodom i sanitarne sisteme od kojih djeci zavisi pre\u017eivljavanje, bili su meta napada i o\u0161te\u0107eni su ili uni\u0161teni&#8220;, naveli su u saop\u0161tenju.<\/p>\n\n\n\n<p>Navode\u0107i da nema opravdanja za ubijanje i ranjavanje djece, niti uni\u0161tavanje i naru\u0161avanje klju\u010dnih usluga od kojih djeca zavise, pozvali su da se sukobljene strane vrate pregovorima.<\/p>\n\n\n\n<p>&#8222;Te\u0161ka kr\u0161enja prava djece u oru\u017eanim sukobima mogu predstavljati povrede me\u0111unarodnog prava, uklju\u010duju\u0107i me\u0111unarodno humanitarno pravo i me\u0111unarodno pravo ljudskih prava&#8220;, dodali su.<\/p>\n\n\n\n<p>UNICEF je tako\u0111e pozvao zara\u0107ene da preduzmu sve mjere predostro\u017enosti u izboru sredstava i metoda ratovanja kako bi se smanjila \u0161teta po civile.<\/p>\n\n\n\n<p>&#8222;Djeca u regionu koje je 200 miliona, ra\u010dunaju na to da \u0107e svijet brzo reagovati&#8220;, naveli su.<\/p>\n\n\n\n<p>SAD i Izrael izvr\u0161ili su vojnu agresiju na Iran i u bombardovanju ubili i vrhovnog vodju ajatolaha Ali Hameneija 28. februara.<\/p>\n\n\n\n<p>Od tada svakodnevno nastavljaju bombardovanje, a Iran uzvra\u0107a napadima na ameri\u010dke baze u zemljama regiona.<\/p>","protected":false},"excerpt":{"rendered":"<p>Od po\u010detka rata na Bliskom istoku 28. februara je 1.100 djece poginulo ili je ranjeno, saop\u0161tio je UNICEF.<\/p>","protected":false},"author":13,"featured_media":898787,"comment_status":"open","ping_status":"open","sticky":false,"template":"","format":"standard","meta":{"_acf_changed":false,"footnotes":"","jetpack_publicize_message":"","jetpack_publicize_feature_enabled":true,"jetpack_social_post_already_shared":true,"jetpack_social_options":{"image_generator_settings":{"template":"highway","default_image_id":0,"font":"","enabled":false},"version":2}},"categories":[14],"tags":[3274,5459],"naslovna":[],"class_list":["post-937267","post","type-post","status-publish","format-standard","has-post-thumbnail","hentry","category-svijet","tag-bliski-istok","tag-unicef"],"acf":[],"jetpack_publicize_connections":[],"_links":{"self":[{"href":"https:\/\/gradski.me\/en\/wp-json\/wp\/v2\/posts\/937267","targetHints":{"allow":["GET"]}}],"collection":[{"href":"https:\/\/gradski.me\/en\/wp-json\/wp\/v2\/posts"}],"about":[{"href":"https:\/\/gradski.me\/en\/wp-json\/wp\/v2\/types\/post"}],"author":[{"embeddable":true,"href":"https:\/\/gradski.me\/en\/wp-json\/wp\/v2\/users\/13"}],"replies":[{"embeddable":true,"href":"https:\/\/gradski.me\/en\/wp-json\/wp\/v2\/comments?post=937267"}],"version-history":[{"count":1,"href":"https:\/\/gradski.me\/en\/wp-json\/wp\/v2\/posts\/937267\/revisions"}],"predecessor-version":[{"id":937271,"href":"https:\/\/gradski.me\/en\/wp-json\/wp\/v2\/posts\/937267\/revisions\/937271"}],"wp:featuredmedia":[{"embeddable":true,"href":"https:\/\/gradski.me\/en\/wp-json\/wp\/v2\/media\/898787"}],"wp:attachment":[{"href":"https:\/\/gradski.me\/en\/wp-json\/wp\/v2\/media?parent=937267"}],"wp:term":[{"taxonomy":"category","embeddable":true,"href":"https:\/\/gradski.me\/en\/wp-json\/wp\/v2\/categories?post=937267"},{"taxonomy":"post_tag","embeddable":true,"href":"https:\/\/gradski.me\/en\/wp-json\/wp\/v2\/tags?post=937267"},{"taxonomy":"naslovna","embeddable":true,"href":"https:\/\/gradski.me\/en\/wp-json\/wp\/v2\/naslovna?post=937267"}],"curies":[{"name":"wp","href":"https:\/\/api.w.org\/{rel}","templated":true}]}}