{"id":937236,"date":"2026-03-12T14:28:00","date_gmt":"2026-03-12T13:28:00","guid":{"rendered":"https:\/\/gradski.me\/?p=937236"},"modified":"2026-03-12T14:15:25","modified_gmt":"2026-03-12T13:15:25","slug":"djeka-znacajna-podrska-kipra-u-procesu-pristupanja-eu","status":"publish","type":"post","link":"https:\/\/gradski.me\/en\/politika\/djeka-znacajna-podrska-kipra-u-procesu-pristupanja-eu\/","title":{"rendered":"\u0110eka: Significant support from Cyprus in the EU accession process"},"content":{"rendered":"<p><\/p>\n\n\n\n<p>Tokom sastanka, kako navode, razgovarano je o unapre\u0111enju saradnje u oblasti rodne ravnopravnosti, za\u0161tite prava \u017eena i ja\u010danja institucionalnih mehanizama za promociju jednakih mogu\u0107nosti.<\/p>\n\n\n\n<p>\u201cMinistar \u0110eka upoznao je komesarku Christodoulou sa aktuelnim reformama koje Crna Gora sprovodi u oblasti rodne ravnopravnosti, posebno sa pripremom novog Zakona o rodnoj ravnopravnosti, koji ima za cilj dodatno ja\u010danje normativnog i institucionalnog okvira za unapre\u0111enje prava \u017eena i primjenu principa rodne ravnopravnosti u svim javnim politikama\u201d, navodi se u saop\u0161tenju.<\/p>\n\n\n\n<p>Sagovornici su, kako ka\u017eu, razmijenili iskustva o sprovo\u0111enju politika rodne ravnopravnosti i zna\u010daju ja\u010danja institucionalne saradnje, posebno u kontekstu evropskih integracija.<\/p>\n\n\n\n<p>Ministar je zahvalio na podr\u0161ci koju Kipar, kao dr\u017eava \u010dlanica Evropske unije, pru\u017ea evropskom putu Crne Gore, nagla\u0161avaju\u0107i zna\u010daj saradnje i razmjene dobrih praksi u procesu pristupanja Evropskoj uniji.<\/p>\n\n\n\n<p>\u201cSastanku su prisustvovale i<strong>&nbsp;Irena Rakocevic<\/strong>, generalna direktorica Direktorata za za\u0161titu jednakosti lica sa invaliditetom u Ministarstvu ljudskih i manjinskih prava, koja je govorila o aktivnostima na unapre\u0111enju za\u0161tite i primjeni intersekcijskog pristupa u za\u0161titi \u017eena sa invaliditetom, kao i&nbsp;<strong>Biljana Pejovic<\/strong>, na\u010delnica Odjeljenja za poslove rodne ravnopravnosti u Ministarstvu ljudskih i manjinskih prava, koja je informisala sagovornike o aktuelnostima i aktivnostima koje Ministarstvo sprovodi u oblasti rodne ravnopravnosti\u201d, zaklju\u010duju iz Ministarstva.<\/p>","protected":false},"excerpt":{"rendered":"<p>Ministar ljudskih i manjinskih prava,\u00a0Fatmir \u0110eka,\u00a0sastao se sa komesarkom za rodnu ravnopravnost Kipra,\u00a0Josie Christodoulou, saop\u0161teno je iz Ministarstva.<\/p>","protected":false},"author":13,"featured_media":868399,"comment_status":"open","ping_status":"open","sticky":false,"template":"","format":"standard","meta":{"_acf_changed":false,"footnotes":"","jetpack_publicize_message":"","jetpack_publicize_feature_enabled":true,"jetpack_social_post_already_shared":true,"jetpack_social_options":{"image_generator_settings":{"template":"highway","default_image_id":0,"font":"","enabled":false},"version":2}},"categories":[7],"tags":[1046,5801],"naslovna":[],"class_list":["post-937236","post","type-post","status-publish","format-standard","has-post-thumbnail","hentry","category-politika","tag-fatmir-djeka","tag-kipar"],"acf":[],"jetpack_publicize_connections":[],"_links":{"self":[{"href":"https:\/\/gradski.me\/en\/wp-json\/wp\/v2\/posts\/937236","targetHints":{"allow":["GET"]}}],"collection":[{"href":"https:\/\/gradski.me\/en\/wp-json\/wp\/v2\/posts"}],"about":[{"href":"https:\/\/gradski.me\/en\/wp-json\/wp\/v2\/types\/post"}],"author":[{"embeddable":true,"href":"https:\/\/gradski.me\/en\/wp-json\/wp\/v2\/users\/13"}],"replies":[{"embeddable":true,"href":"https:\/\/gradski.me\/en\/wp-json\/wp\/v2\/comments?post=937236"}],"version-history":[{"count":1,"href":"https:\/\/gradski.me\/en\/wp-json\/wp\/v2\/posts\/937236\/revisions"}],"predecessor-version":[{"id":937237,"href":"https:\/\/gradski.me\/en\/wp-json\/wp\/v2\/posts\/937236\/revisions\/937237"}],"wp:featuredmedia":[{"embeddable":true,"href":"https:\/\/gradski.me\/en\/wp-json\/wp\/v2\/media\/868399"}],"wp:attachment":[{"href":"https:\/\/gradski.me\/en\/wp-json\/wp\/v2\/media?parent=937236"}],"wp:term":[{"taxonomy":"category","embeddable":true,"href":"https:\/\/gradski.me\/en\/wp-json\/wp\/v2\/categories?post=937236"},{"taxonomy":"post_tag","embeddable":true,"href":"https:\/\/gradski.me\/en\/wp-json\/wp\/v2\/tags?post=937236"},{"taxonomy":"naslovna","embeddable":true,"href":"https:\/\/gradski.me\/en\/wp-json\/wp\/v2\/naslovna?post=937236"}],"curies":[{"name":"wp","href":"https:\/\/api.w.org\/{rel}","templated":true}]}}