{"id":937169,"date":"2026-03-12T13:18:00","date_gmt":"2026-03-12T12:18:00","guid":{"rendered":"https:\/\/gradski.me\/?p=937169"},"modified":"2026-03-12T12:25:51","modified_gmt":"2026-03-12T11:25:51","slug":"pocela-promocija-upisa-djece-re-populacije-u-beranski-vrtic","status":"publish","type":"post","link":"https:\/\/gradski.me\/en\/drustvo\/pocela-promocija-upisa-djece-re-populacije-u-beranski-vrtic\/","title":{"rendered":"Promotion of enrollment of children from the RE population in the Berane kindergarten has begun"},"content":{"rendered":"<p><\/p>\n\n\n\n<p><\/p>\n\n\n\n<p>Kako su naveli, sastanak predstavlja prvu aktivnost u okviru promocije upisa djece iz romske i egip\u0107anske (RE) populacije u beranski vrti\u0107, dok \u0107e u narednom periodu uslijediti i kampanja sa dodatnim aktivnostima na terenu.<\/p>\n\n\n\n<p>&#8222;Saradnja na uklju\u010divanju djece iz RE zajednice u pred\u0161kolsko obrazovanje u Beranama zapo\u010dela je 2022. godine. Od tada se kontinuirano radi na motivisanju roditelja, informisanju zajednice i pru\u017eanju podr\u0161ke djeci kako bi se \u0161to ve\u0107i broj mali\u0161ana uklju\u010dio u vrti\u0107ki program. Zahvaljuju\u0107i ovim aktivnostima, pro\u0161le godine je u beranskom vrti\u0107u upisano 70 djece iz romske i egip\u0107anske populacije. Djeci je obezbije\u0111en prevoz od Osnovne \u0161kole \u201eRadomir Mitrovi\u0107\u201c, \u0161to dodatno olak\u0161ava redovno poha\u0111anje vrti\u0107a&#8220;, stoji u saop\u0161tenju.<\/p>\n\n\n\n<p>Dodali su da va\u017enu ulogu u ovom procesu imaju i medijatori koji rade u vrti\u0107u, a koji poma\u017eu u komunikaciji sa porodicama i integraciji djece u obrazovni sistem. Trenutno u JPU \u201eRadmila Nedi\u0107\u201c rade dva medijatora koji doprinose uspje\u0161noj realizaciji aktivnosti.<\/p>\n\n\n\n<p>&#8222;Iz Udru\u017eenja za podr\u0161ku Roma i Egip\u0107ana i iz beranskog vrti\u0107a isti\u010du zahvalnost Ministarstvu prosvjete, nauke i inovacija i inovacija na kontinuiranoj podr\u0161ci \u2013 kako kroz podr\u0161ku aktivnostima promocije i kampanjama za upis djece, tako i kroz sistematizaciju radnih mjesta medijatora i sveukupnu podr\u0161ku aktivnostima koje doprinose ve\u0107oj inkluziji djece iz RE populacije u obrazovni sistem. Tu posebnu zahvalnost imamo prema svim naporima i kreiranju obrazovnog sistema prilago\u0111enog socijalnoj inkluziji od strane ministarke An\u0111ele Jak\u0161i\u0107 &#8211; Stojanovi\u0107 i direktorima direktorata Svetlani Drobnjak i Draganu Miju\u0161kovi\u0107u&#8220;, navodi se u saop\u0161tenju.<\/p>\n\n\n\n<p>Tako\u0111e, zahvalnost je upu\u0107ena i Op\u0161tini Berane &#8211;&nbsp; podr\u0161ci ovim inicijativama, kao i predsjedniku \u0110olu Lutovcu.<\/p>\n\n\n\n<p>&#8222;Prve korake u pokretanju ovih aktivnosti napravili su izvr\u0161ni direktor Udru\u017eenja za podr\u0161ku Roma i Egip\u0107ana Sultan Be\u0107a i tada\u0161nja direktorica vrti\u0107a Marina Gojkovi\u0107, koja je svojim radom dala zna\u010dajan doprinos razvoju ove saradnje, \u010dime je zapo\u010deta inicijativa koja se uspje\u0161no nastavlja i danas&#8220;, kazali su iz te NVO.<\/p>\n\n\n\n<p>Isti\u010du da ova inicijativa i proces integrisanja djece RE populacije u pred\u0161kolskom sistemu u Beranama ne bi bio mogu\u0107 da nije bilo i prevoza za mali\u0161ane iz RE populacije koju je obezbijedio Aleksandar Vujovi\u0107 direktor O\u0160 ,,Radomir Mitrovi\u0107.,,<\/p>\n\n\n\n<p>&#8222;Udru\u017eenje za podr\u0161ku Roma i Egip\u0107ana nastavlja saradnju sa JPU \u201eRadmila Nedi\u0107\u201c, a u narednom periodu planiran je niz aktivnosti usmjerenih na promociju zna\u010daja ranog obrazovanja i pove\u0107anje obuhvata djece iz romske i egip\u0107anske zajednice u pred\u0161kolskom sistemu&#8220;, zaklju\u010duju u saop\u0161tenju.<\/p>","protected":false},"excerpt":{"rendered":"<p>U okviru aktivnosti promocije upisa djece u pred\u0161kolsku ustanovu, danas je odr\u017ean sastanak izme\u0111u predstavnika Udru\u017eenja za podr\u0161ku Roma i Egip\u0107ana Nikole Rai\u010devi\u0107a i direktorice JPU \u201eRadmila Nedi\u0107\u201c u Beranama Sla\u0111ane Arsovi\u0107, saop\u0161teno je iz NVO &#8222;Udru\u017eenje za podr\u0161ku Roma i Egip\u0107ana&#8220;.<\/p>","protected":false},"author":13,"featured_media":926790,"comment_status":"open","ping_status":"open","sticky":false,"template":"","format":"standard","meta":{"_acf_changed":false,"footnotes":"","jetpack_publicize_message":"","jetpack_publicize_feature_enabled":true,"jetpack_social_post_already_shared":true,"jetpack_social_options":{"image_generator_settings":{"template":"highway","default_image_id":0,"font":"","enabled":false},"version":2}},"categories":[9],"tags":[53,1119,1510],"naslovna":[],"class_list":["post-937169","post","type-post","status-publish","format-standard","has-post-thumbnail","hentry","category-drustvo","tag-berane","tag-romi","tag-vrtic"],"acf":[],"jetpack_publicize_connections":[],"_links":{"self":[{"href":"https:\/\/gradski.me\/en\/wp-json\/wp\/v2\/posts\/937169","targetHints":{"allow":["GET"]}}],"collection":[{"href":"https:\/\/gradski.me\/en\/wp-json\/wp\/v2\/posts"}],"about":[{"href":"https:\/\/gradski.me\/en\/wp-json\/wp\/v2\/types\/post"}],"author":[{"embeddable":true,"href":"https:\/\/gradski.me\/en\/wp-json\/wp\/v2\/users\/13"}],"replies":[{"embeddable":true,"href":"https:\/\/gradski.me\/en\/wp-json\/wp\/v2\/comments?post=937169"}],"version-history":[{"count":1,"href":"https:\/\/gradski.me\/en\/wp-json\/wp\/v2\/posts\/937169\/revisions"}],"predecessor-version":[{"id":937171,"href":"https:\/\/gradski.me\/en\/wp-json\/wp\/v2\/posts\/937169\/revisions\/937171"}],"wp:featuredmedia":[{"embeddable":true,"href":"https:\/\/gradski.me\/en\/wp-json\/wp\/v2\/media\/926790"}],"wp:attachment":[{"href":"https:\/\/gradski.me\/en\/wp-json\/wp\/v2\/media?parent=937169"}],"wp:term":[{"taxonomy":"category","embeddable":true,"href":"https:\/\/gradski.me\/en\/wp-json\/wp\/v2\/categories?post=937169"},{"taxonomy":"post_tag","embeddable":true,"href":"https:\/\/gradski.me\/en\/wp-json\/wp\/v2\/tags?post=937169"},{"taxonomy":"naslovna","embeddable":true,"href":"https:\/\/gradski.me\/en\/wp-json\/wp\/v2\/naslovna?post=937169"}],"curies":[{"name":"wp","href":"https:\/\/api.w.org\/{rel}","templated":true}]}}