{"id":936403,"date":"2026-03-11T14:48:28","date_gmt":"2026-03-11T13:48:28","guid":{"rendered":"https:\/\/gradski.me\/?p=936403"},"modified":"2026-03-12T08:19:30","modified_gmt":"2026-03-12T07:19:30","slug":"tema-pulsa-da-li-smo-djeci-olaksali-zivot-ili-im-otezali-razvoj","status":"publish","type":"post","link":"https:\/\/gradski.me\/en\/drustvo\/tema-pulsa-da-li-smo-djeci-olaksali-zivot-ili-im-otezali-razvoj\/","title":{"rendered":"PULSE TOPIC: Have we made children's lives easier or made their development more difficult?"},"content":{"rendered":"<p><\/p>\n\n\n\n<p><\/p>\n\n\n\n<p>Emisiju vodi&nbsp;<strong>novinarka Jelena \u0160\u0107epanovi\u0107<\/strong>, a gost u studiju bi\u0107e&nbsp;<strong>prof. dr Ranko Rajovi\u0107<\/strong>, jedan od najpoznatijih stru\u010dnjaka za razvoj dje\u010dijeg mozga i autor NTC sistema u\u010denja, koji se primjenjuje u brojnim obrazovnim institucijama \u0161irom regiona i Evrope.<\/p>\n\n\n\n<p>Tokom emisije bi\u0107e rije\u010di o tome da li roditelji danas djeci previ\u0161e poma\u017eu i \u0161tite ih od problema, da li im time nesvjesno uskra\u0107uju priliku da razviju samostalnost, odgovornost i otpornost, ali i koliko su dru\u0161tvene mre\u017ee i savremeni na\u010din \u017eivota promijenili djetinjstvo.<\/p>\n\n\n\n<p>Profesor Rajovi\u0107 govori\u0107e i o zna\u010daju igre, kretanja i stimulacije mozga u ranom uzrastu, kao i o tome na koji na\u010din savremeno dru\u0161tvo uti\u010de na razvoj dje\u010dijih sposobnosti, koncentracije i kreativnosti.<\/p>\n\n\n\n<p>\u201ePuls\u201c \u0107e poku\u0161ati da ponudi odgovore na dilemu koja sve \u010de\u0161\u0107e zaokuplja roditelje, nastavnike i stru\u010dnjake \u2013 da li smo djeci zaista olak\u0161ali \u017eivot ili smo, poku\u0161avaju\u0107i da im pomognemo, ote\u017eali njihov put ka samostalnosti.<\/p>\n\n\n\n<p>Emisiju mo\u017eete pratiti danas od 17 \u010dasova.<\/p>","protected":false},"excerpt":{"rendered":"<p>U vremenu kada su djeci dostupni brojni digitalni sadr\u017eaji, savremene tehnologije i razli\u010dite mogu\u0107nosti za u\u010denje i zabavu, sve \u010de\u0161\u0107e se postavlja pitanje \u2013 da li im to zaista poma\u017ee ili ih \u010dini manje spremnim za izazove stvarnog \u017eivota.<\/p>","protected":false},"author":7,"featured_media":887407,"comment_status":"open","ping_status":"open","sticky":false,"template":"","format":"standard","meta":{"_acf_changed":false,"footnotes":"","jetpack_publicize_message":"","jetpack_publicize_feature_enabled":true,"jetpack_social_post_already_shared":true,"jetpack_social_options":{"image_generator_settings":{"template":"highway","default_image_id":0,"font":"","enabled":false},"version":2}},"categories":[9],"tags":[4510,27387],"naslovna":[],"class_list":["post-936403","post","type-post","status-publish","format-standard","has-post-thumbnail","hentry","category-drustvo","tag-emisija","tag-jelena-djcepanovic"],"acf":[],"jetpack_publicize_connections":[],"_links":{"self":[{"href":"https:\/\/gradski.me\/en\/wp-json\/wp\/v2\/posts\/936403","targetHints":{"allow":["GET"]}}],"collection":[{"href":"https:\/\/gradski.me\/en\/wp-json\/wp\/v2\/posts"}],"about":[{"href":"https:\/\/gradski.me\/en\/wp-json\/wp\/v2\/types\/post"}],"author":[{"embeddable":true,"href":"https:\/\/gradski.me\/en\/wp-json\/wp\/v2\/users\/7"}],"replies":[{"embeddable":true,"href":"https:\/\/gradski.me\/en\/wp-json\/wp\/v2\/comments?post=936403"}],"version-history":[{"count":1,"href":"https:\/\/gradski.me\/en\/wp-json\/wp\/v2\/posts\/936403\/revisions"}],"predecessor-version":[{"id":936404,"href":"https:\/\/gradski.me\/en\/wp-json\/wp\/v2\/posts\/936403\/revisions\/936404"}],"wp:featuredmedia":[{"embeddable":true,"href":"https:\/\/gradski.me\/en\/wp-json\/wp\/v2\/media\/887407"}],"wp:attachment":[{"href":"https:\/\/gradski.me\/en\/wp-json\/wp\/v2\/media?parent=936403"}],"wp:term":[{"taxonomy":"category","embeddable":true,"href":"https:\/\/gradski.me\/en\/wp-json\/wp\/v2\/categories?post=936403"},{"taxonomy":"post_tag","embeddable":true,"href":"https:\/\/gradski.me\/en\/wp-json\/wp\/v2\/tags?post=936403"},{"taxonomy":"naslovna","embeddable":true,"href":"https:\/\/gradski.me\/en\/wp-json\/wp\/v2\/naslovna?post=936403"}],"curies":[{"name":"wp","href":"https:\/\/api.w.org\/{rel}","templated":true}]}}